
{"id":36126,"date":"2014-04-16T23:36:53","date_gmt":"2014-04-17T02:36:53","guid":{"rendered":"http:\/\/www.sudoestehoje.com.br\/novoportal\/?p=36126"},"modified":"2014-04-16T23:38:26","modified_gmt":"2014-04-17T02:38:26","slug":"greve-xeque-mate-no-governo","status":"publish","type":"post","link":"https:\/\/www.sudoestehoje.com.br\/novoportal\/2014\/04\/16\/greve-xeque-mate-no-governo\/","title":{"rendered":"GREVE: XEQUE-MATE NO GOVERNO"},"content":{"rendered":"<p><a href=\"http:\/\/www.sudoestehoje.com.br\/novoportal\/wp-content\/uploads\/2014\/04\/greve_pm_bahia.jpg\"><img loading=\"lazy\" decoding=\"async\" class=\"aligncenter size-medium wp-image-36127\" alt=\"greve_pm_bahia\" src=\"http:\/\/www.sudoestehoje.com.br\/novoportal\/wp-content\/uploads\/2014\/04\/greve_pm_bahia-500x291.jpg\" width=\"500\" height=\"291\" srcset=\"https:\/\/www.sudoestehoje.com.br\/novoportal\/wp-content\/uploads\/2014\/04\/greve_pm_bahia-500x291.jpg 500w, https:\/\/www.sudoestehoje.com.br\/novoportal\/wp-content\/uploads\/2014\/04\/greve_pm_bahia.jpg 600w\" sizes=\"auto, (max-width: 500px) 100vw, 500px\" \/><\/a><\/p>\n<p>A inesperada greve da Pol\u00edcia Militar que surpreendeu a popula\u00e7\u00e3o gerou em Salvador, uma cidade tida como das mais violentas do mundo, uma situa\u00e7\u00e3o convulsa e preocupante, al\u00e9m de disseminar o medo. Sem policiamento, com as elei\u00e7\u00f5es se aproximando, o governo Wagner foi atingido por uma flecha envenenada.<\/p>\n<p>A gest\u00e3o atravessa dificuldades financeiras. Isso n\u00e3o significa nenhuma novidade. Mas \u00e9 fato que, para a popula\u00e7\u00e3o de maneira geral, a greve da PM surpreendeu os moradores da cidade, e, ainda, h\u00e1 amea\u00e7as que rondam o Sindicato dos Professores, que reivindica melhores condi\u00e7\u00f5es.\u00a0H\u00e1 um p\u00e2nico disseminado, com boatos em sequ\u00eancia sobre quebra-quebra e saques em lojas. A maioria n\u00e3o se confirma.<!--more--><\/p>\n<p>O governo n\u00e3o esperou, como nas greves anteriores, notadamente da PM, para solicitar a For\u00e7a Nacional, o que n\u00e3o resolver\u00e1 a quest\u00e3o porque temos uma cidade com quase tr\u00eas milh\u00f5es de habitantes, que cresceu sem planejamento o que dificulta qualquer a\u00e7\u00e3o.<\/p>\n<p>Salvador parece antecipar a Semana Santa, que, por ora, nada tem de santa e, sim, do medo que se espraia pelos bairros com as escolas fechadas por preven\u00e7\u00e3o. Ademais, o governador montou uma chapa eleitoral para a disputa de outubro e nada surpreender\u00e1 se seus candidatos forem atingidos pelas consequ\u00eancias do movimento grevista, dificultando-o na esperan\u00e7a de fazer seu sucessor.<\/p>\n<p>Trata-se, evidentemente, de uma suposi\u00e7\u00e3o, mas nada fora de uma preocupa\u00e7\u00e3o que tamb\u00e9m est\u00e1 presente no governo. Se a greve tiver um fim r\u00e1pido, menos mal. Mas o governo ter\u00e1 que honrar o que for negociado sob pena de um novo movimento paredista explodir nas proximidades da Copa do Mundo, o que seria um desastre.<\/p>\n<p>A situa\u00e7\u00e3o do governo baiano \u00e9 mesmo dif\u00edcil. As negocia\u00e7\u00f5es acontecem h\u00e1 nada menos de nove meses. A situa\u00e7\u00e3o \u00e9 t\u00e3o grave que na primeira assembleia dos policiais militares j\u00e1 n\u00e3o havia o que discutir, sen\u00e3o anunciar a greve geral que, mais uma vez, gera convuls\u00e3o na cidade de Salvador. \u00a0Samuel Celestino &#8211; BN<\/p>\n","protected":false},"excerpt":{"rendered":"<p>A inesperada greve da Pol\u00edcia Militar que surpreendeu a popula\u00e7\u00e3o gerou em Salvador, uma cidade tida como das mais violentas do mundo, uma situa\u00e7\u00e3o convulsa e preocupante, al\u00e9m de disseminar o medo. Sem policiamento, com as elei\u00e7\u00f5es se aproximando, o governo Wagner foi atingido por uma flecha envenenada. A gest\u00e3o atravessa dificuldades financeiras. Isso n\u00e3o [&hellip;]<\/p>\n","protected":false},"author":2,"featured_media":0,"comment_status":"open","ping_status":"open","sticky":false,"template":"","format":"standard","meta":{"footnotes":"","_links_to":"","_links_to_target":""},"categories":[1],"tags":[],"class_list":["post-36126","post","type-post","status-publish","format-standard","hentry","category-geral"],"views":1252,"_links":{"self":[{"href":"https:\/\/www.sudoestehoje.com.br\/novoportal\/wp-json\/wp\/v2\/posts\/36126","targetHints":{"allow":["GET"]}}],"collection":[{"href":"https:\/\/www.sudoestehoje.com.br\/novoportal\/wp-json\/wp\/v2\/posts"}],"about":[{"href":"https:\/\/www.sudoestehoje.com.br\/novoportal\/wp-json\/wp\/v2\/types\/post"}],"author":[{"embeddable":true,"href":"https:\/\/www.sudoestehoje.com.br\/novoportal\/wp-json\/wp\/v2\/users\/2"}],"replies":[{"embeddable":true,"href":"https:\/\/www.sudoestehoje.com.br\/novoportal\/wp-json\/wp\/v2\/comments?post=36126"}],"version-history":[{"count":2,"href":"https:\/\/www.sudoestehoje.com.br\/novoportal\/wp-json\/wp\/v2\/posts\/36126\/revisions"}],"predecessor-version":[{"id":36129,"href":"https:\/\/www.sudoestehoje.com.br\/novoportal\/wp-json\/wp\/v2\/posts\/36126\/revisions\/36129"}],"wp:attachment":[{"href":"https:\/\/www.sudoestehoje.com.br\/novoportal\/wp-json\/wp\/v2\/media?parent=36126"}],"wp:term":[{"taxonomy":"category","embeddable":true,"href":"https:\/\/www.sudoestehoje.com.br\/novoportal\/wp-json\/wp\/v2\/categories?post=36126"},{"taxonomy":"post_tag","embeddable":true,"href":"https:\/\/www.sudoestehoje.com.br\/novoportal\/wp-json\/wp\/v2\/tags?post=36126"}],"curies":[{"name":"wp","href":"https:\/\/api.w.org\/{rel}","templated":true}]}}