
{"id":36119,"date":"2014-04-16T21:44:15","date_gmt":"2014-04-17T00:44:15","guid":{"rendered":"http:\/\/www.sudoestehoje.com.br\/novoportal\/?p=36119"},"modified":"2014-04-17T00:27:59","modified_gmt":"2014-04-17T03:27:59","slug":"alunos-da-rede-estadual-reivindicam-merenda-e-melhorias-nas-escolas","status":"publish","type":"post","link":"https:\/\/www.sudoestehoje.com.br\/novoportal\/2014\/04\/16\/alunos-da-rede-estadual-reivindicam-merenda-e-melhorias-nas-escolas\/","title":{"rendered":"ALUNOS DA REDE ESTADUAL REIVINDICAM MERENDA E MELHORIAS NAS ESCOLAS"},"content":{"rendered":"<div>\n<p><img decoding=\"async\" class=\"aligncenter\" alt=\"\" src=\"https:\/\/scontent-a-mia.xx.fbcdn.net\/hphotos-prn2\/t1.0-9\/10170690_507582176014556_8149420680463707525_n.jpg\" width=\"500\" \/><\/p>\n<p>ITAPETINGA: Alunos de diversas escolas da rede estadual realizaram, na manh\u00e3 desta quarta-feira (16), uma manifesta\u00e7\u00e3o pac\u00edfica, com a finalidade de reivindicar recursos b\u00e1sicos para as escolas e alunos da rede\u00a0 de ensino de Itapetinga, que tamb\u00e9m paralisaram as atividades escolares no dia de hoje.<\/p>\n<p>Participaram da manifesta\u00e7\u00e3o, alunos das seguintes escolas estaduais: Col\u00e9gio Modelo Luiz Eduardo Magalh\u00e3es, Col\u00e9gio Estadual Alfredo Dutra, Col\u00e9gio Estadual Polivalente e Gin\u00e1sio Agroindustrial. Essa paralisa\u00e7\u00e3o contou com o apoio dos profissionais da educa\u00e7\u00e3o, setores administrativos e grupos de apoio dos col\u00e9gios estaduais.<\/p>\n<p><img decoding=\"async\" class=\"aligncenter\" alt=\"\" src=\"http:\/\/tribunadeitapetinga.com.br\/media\/2014\/04\/20140416_085708.jpg\" \/><\/p>\n<\/div>\n<div>\n<p>De acordo com os alunos, a Secretaria de Educa\u00e7\u00e3o do Estado da Bahia, representada no munic\u00edpio pela Direc 14, n\u00e3o vem cumprindo com a sua obriga\u00e7\u00e3o legal de fornecer recursos b\u00e1sicos aos alunos, como merenda escolar, material de escrit\u00f3rio, auxiliares administrativos, auxiliares de servi\u00e7os gerais e profissionais da educa\u00e7\u00e3o, \u00a0o que vem dificultando o bom andamento da educa\u00e7\u00e3o no munic\u00edpio.<\/p>\n<p><img decoding=\"async\" class=\"aligncenter\" alt=\"\" src=\"http:\/\/tribunadeitapetinga.com.br\/media\/2014\/04\/20140416_085738.jpg\" \/><\/p>\n<\/div>\n<div>\n<p>Fazendo o uso correto da cidadania, os alunos se concentraram\u00a0 na Pra\u00e7a Dairy Valley, \u00e0s 08h da manh\u00e3, de onde sa\u00edram protestando pacificamente com destino a DIREC14, reivindicando melhorias nos col\u00e9gios da rede estadual da cidade. Informa\u00e7\u00f5es do Tribuna de Itapetinga<\/p>\n<\/div>\n","protected":false},"excerpt":{"rendered":"<p>ITAPETINGA: Alunos de diversas escolas da rede estadual realizaram, na manh\u00e3 desta quarta-feira (16), uma manifesta\u00e7\u00e3o pac\u00edfica, com a finalidade de reivindicar recursos b\u00e1sicos para as escolas e alunos da rede\u00a0 de ensino de Itapetinga, que tamb\u00e9m paralisaram as atividades escolares no dia de hoje. Participaram da manifesta\u00e7\u00e3o, alunos das seguintes escolas estaduais: Col\u00e9gio Modelo [&hellip;]<\/p>\n","protected":false},"author":2,"featured_media":0,"comment_status":"open","ping_status":"open","sticky":false,"template":"","format":"standard","meta":{"footnotes":"","_links_to":"","_links_to_target":""},"categories":[1],"tags":[],"class_list":["post-36119","post","type-post","status-publish","format-standard","hentry","category-geral"],"views":1532,"_links":{"self":[{"href":"https:\/\/www.sudoestehoje.com.br\/novoportal\/wp-json\/wp\/v2\/posts\/36119","targetHints":{"allow":["GET"]}}],"collection":[{"href":"https:\/\/www.sudoestehoje.com.br\/novoportal\/wp-json\/wp\/v2\/posts"}],"about":[{"href":"https:\/\/www.sudoestehoje.com.br\/novoportal\/wp-json\/wp\/v2\/types\/post"}],"author":[{"embeddable":true,"href":"https:\/\/www.sudoestehoje.com.br\/novoportal\/wp-json\/wp\/v2\/users\/2"}],"replies":[{"embeddable":true,"href":"https:\/\/www.sudoestehoje.com.br\/novoportal\/wp-json\/wp\/v2\/comments?post=36119"}],"version-history":[{"count":5,"href":"https:\/\/www.sudoestehoje.com.br\/novoportal\/wp-json\/wp\/v2\/posts\/36119\/revisions"}],"predecessor-version":[{"id":36130,"href":"https:\/\/www.sudoestehoje.com.br\/novoportal\/wp-json\/wp\/v2\/posts\/36119\/revisions\/36130"}],"wp:attachment":[{"href":"https:\/\/www.sudoestehoje.com.br\/novoportal\/wp-json\/wp\/v2\/media?parent=36119"}],"wp:term":[{"taxonomy":"category","embeddable":true,"href":"https:\/\/www.sudoestehoje.com.br\/novoportal\/wp-json\/wp\/v2\/categories?post=36119"},{"taxonomy":"post_tag","embeddable":true,"href":"https:\/\/www.sudoestehoje.com.br\/novoportal\/wp-json\/wp\/v2\/tags?post=36119"}],"curies":[{"name":"wp","href":"https:\/\/api.w.org\/{rel}","templated":true}]}}