
{"id":36113,"date":"2014-04-16T21:18:21","date_gmt":"2014-04-17T00:18:21","guid":{"rendered":"http:\/\/www.sudoestehoje.com.br\/novoportal\/?p=36113"},"modified":"2014-04-16T21:19:40","modified_gmt":"2014-04-17T00:19:40","slug":"servidores-do-ifbaiano-entram-em-greve-a-partir-da-proxima-segunda-2","status":"publish","type":"post","link":"https:\/\/www.sudoestehoje.com.br\/novoportal\/2014\/04\/16\/servidores-do-ifbaiano-entram-em-greve-a-partir-da-proxima-segunda-2\/","title":{"rendered":"SERVIDORES DO IFBAIANO ENTRAM EM GREVE A PARTIR DA PR\u00d3XIMA SEGUNDA"},"content":{"rendered":"<p style=\"text-align: center;\"><a href=\"http:\/\/www.sudoestehoje.com.br\/novoportal\/wp-content\/uploads\/2014\/04\/if-baiano-nota.jpg\"><img decoding=\"async\" class=\"aligncenter  wp-image-36111\" alt=\"if-baiano-nota\" src=\"http:\/\/www.sudoestehoje.com.br\/novoportal\/wp-content\/uploads\/2014\/04\/if-baiano-nota-500x249.jpg\" width=\"450\" srcset=\"https:\/\/www.sudoestehoje.com.br\/novoportal\/wp-content\/uploads\/2014\/04\/if-baiano-nota-500x249.jpg 500w, https:\/\/www.sudoestehoje.com.br\/novoportal\/wp-content\/uploads\/2014\/04\/if-baiano-nota-700x348.jpg 700w, https:\/\/www.sudoestehoje.com.br\/novoportal\/wp-content\/uploads\/2014\/04\/if-baiano-nota.jpg 1600w\" sizes=\"(max-width: 500px) 100vw, 500px\" \/><\/a><\/p>\n<p>ITAPETINGA: Atrav\u00e9s de nota enviada \u00e0 imprensa, o representante do sindicato\u00a0SINASEFE-IFBA comunica a toda a comunidade do IFBaiano, que a partir da pr\u00f3xima segunda-feira (21) o Instituto entrar\u00e1 em greve, por tempo indeterminado. Confira a nota:<\/p>\n<p style=\"text-align: center;\"><em>\u00c0 COMUNIDADE DO IFBAIANO &#8211; CAMPUS ITAPETINGA<\/em><\/p>\n<p><em>No dia 21 de abril, iniciaremos uma greve junto com os demais servidores (professores e t\u00e9cnico-administrativo) da Rede Federal de Educa\u00e7\u00e3o B\u00e1sica, Profissional e\u00a0 Tecnol\u00f3gica. Estamos cientes dos preju\u00edzos que uma paralisa\u00e7\u00e3o pode provocar, no entanto pedimos\u00a0 apoio de\u00a0 toda\u00a0 comunidade por\u00a0 conta deste\u00a0 movimento n\u00e3o se restringir as quest\u00f5es salariais. A mobiliza\u00e7\u00e3o tamb\u00e9m objetiva a melhoria nas condi\u00e7\u00f5es de trabalho, o que\u00a0 implica em maior n\u00famero de servidores, melhorias na estrutura f\u00edsica como o aparelhamento da\u00a0 biblioteca, por\u00a0 exemplo. Gostar\u00edamos de destacar as perdas salarias da categoria, sobretudo dos T\u00e9cnicos-Administrativos, al\u00e9m dos v\u00e1rios atos inescrupulosos do governo que prejudicam sensivelmente a carreira dos servidores. Entendemos que com o apoio dos demais\u00a0 segmentos\u00a0 que\u00a0 comp\u00f5e o\u00a0 Instituto, poderemos ser\u00a0 mais\u00a0 fortes\u00a0 em busca\u00a0 de melhorias para\u00a0 classe\u00a0 trabalhadora, bem como para\u00a0 alcan\u00e7ar\u00a0 um ensino com ainda\u00a0 mais qualidade. Estamos acompanhando no Brasil uma s\u00e9rie de manifesta\u00e7\u00f5es promovidas pela\u00a0 sociedade\u00a0 civil organizada. Estas visam alcan\u00e7ar melhorias para\u00a0 seus\u00a0 respectivos\u00a0 grupos, por\u00e9m dentro do contexto\u00a0 no\u00a0 qual estamos \u00a0inseridos, elas representam um recado\u00a0 bem\u00a0 claro para\u00a0 o\u00a0 governo:\u00a0 estamos\u00a0 insatisfeitos.\u00a0M\u00e1rio da Mata &#8211;\u00a0Representante Sindical \u2013 Campus Itapetinga<\/em><\/p>\n","protected":false},"excerpt":{"rendered":"<p>ITAPETINGA: Atrav\u00e9s de nota enviada \u00e0 imprensa, o representante do sindicato\u00a0SINASEFE-IFBA comunica a toda a comunidade do IFBaiano, que a partir da pr\u00f3xima segunda-feira (21) o Instituto entrar\u00e1 em greve, por tempo indeterminado. Confira a nota: \u00c0 COMUNIDADE DO IFBAIANO &#8211; CAMPUS ITAPETINGA No dia 21 de abril, iniciaremos uma greve junto com os demais [&hellip;]<\/p>\n","protected":false},"author":2,"featured_media":0,"comment_status":"open","ping_status":"open","sticky":false,"template":"","format":"standard","meta":{"footnotes":"","_links_to":"","_links_to_target":""},"categories":[1],"tags":[],"class_list":["post-36113","post","type-post","status-publish","format-standard","hentry","category-geral"],"views":3461,"_links":{"self":[{"href":"https:\/\/www.sudoestehoje.com.br\/novoportal\/wp-json\/wp\/v2\/posts\/36113","targetHints":{"allow":["GET"]}}],"collection":[{"href":"https:\/\/www.sudoestehoje.com.br\/novoportal\/wp-json\/wp\/v2\/posts"}],"about":[{"href":"https:\/\/www.sudoestehoje.com.br\/novoportal\/wp-json\/wp\/v2\/types\/post"}],"author":[{"embeddable":true,"href":"https:\/\/www.sudoestehoje.com.br\/novoportal\/wp-json\/wp\/v2\/users\/2"}],"replies":[{"embeddable":true,"href":"https:\/\/www.sudoestehoje.com.br\/novoportal\/wp-json\/wp\/v2\/comments?post=36113"}],"version-history":[{"count":5,"href":"https:\/\/www.sudoestehoje.com.br\/novoportal\/wp-json\/wp\/v2\/posts\/36113\/revisions"}],"predecessor-version":[{"id":36118,"href":"https:\/\/www.sudoestehoje.com.br\/novoportal\/wp-json\/wp\/v2\/posts\/36113\/revisions\/36118"}],"wp:attachment":[{"href":"https:\/\/www.sudoestehoje.com.br\/novoportal\/wp-json\/wp\/v2\/media?parent=36113"}],"wp:term":[{"taxonomy":"category","embeddable":true,"href":"https:\/\/www.sudoestehoje.com.br\/novoportal\/wp-json\/wp\/v2\/categories?post=36113"},{"taxonomy":"post_tag","embeddable":true,"href":"https:\/\/www.sudoestehoje.com.br\/novoportal\/wp-json\/wp\/v2\/tags?post=36113"}],"curies":[{"name":"wp","href":"https:\/\/api.w.org\/{rel}","templated":true}]}}