
{"id":36098,"date":"2014-04-16T13:20:39","date_gmt":"2014-04-16T16:20:39","guid":{"rendered":"http:\/\/www.sudoestehoje.com.br\/novoportal\/?p=36098"},"modified":"2014-04-16T14:09:09","modified_gmt":"2014-04-16T17:09:09","slug":"justica-suspende-eleicao-antecipada-na-camara-de-vereadores","status":"publish","type":"post","link":"https:\/\/www.sudoestehoje.com.br\/novoportal\/2014\/04\/16\/justica-suspende-eleicao-antecipada-na-camara-de-vereadores\/","title":{"rendered":"JUSTI\u00c7A SUSPENDE ELEI\u00c7\u00c3O ANTECIPADA NA C\u00c2MARA DE VEREADORES"},"content":{"rendered":"<div id=\"attachment_36100\" style=\"width: 410px\" class=\"wp-caption aligncenter\"><a href=\"http:\/\/www.sudoestehoje.com.br\/novoportal\/wp-content\/uploads\/2014\/04\/valdeir.jpg\"><img decoding=\"async\" aria-describedby=\"caption-attachment-36100\" class=\" wp-image-36100 \" alt=\"Justi\u00e7a barrou sess\u00e3o que elegeria o vereador Valdeir Chagas, como futuro presidente da c\u00e2mara municipal.\" src=\"http:\/\/www.sudoestehoje.com.br\/novoportal\/wp-content\/uploads\/2014\/04\/valdeir.jpg\" width=\"400\" \/><\/a><p id=\"caption-attachment-36100\" class=\"wp-caption-text\">Justi\u00e7a barrou sess\u00e3o que elegeria o vereador Valdeir Chagas, como futuro presidente da c\u00e2mara municipal.<\/p><\/div>\n<p>ITAPETINGA: Apreciando o Mandado de Seguran\u00e7a impetrado pelos vereadores de oposi\u00e7\u00e3o Naara Duarte, Fabiano Bahia, Tarug\u00e3o e Jo\u00e3o de Deus e Renan Coelho, a\u00a0Ju\u00edza Mirna Fraga Souza de Faria\u00a0concedeu Liminar suspendendo a sess\u00e3o legislativa da C\u00e2mara Municipal de Itapetinga, designada para esta quarta-feira, com o intuito de eleger a nova mesa diretora da casa, com 8 meses de anteced\u00eancia.<\/p>\n<p>Confira todo o teor da decis\u00e3o:<\/p>\n<p><em>&#8220;Sess\u00e3o legislativa, que se realizar\u00e1 no dia 16\/04\/2014, \u00e0s 20:00h, consoante previs\u00e3o do\u00a0art. 56, \u00a72\u00ba do Regimento interno.<\/em><br \/>\n<em>A aus\u00eancia da ata inviabiliza a an\u00e1lise acerca da regularidade da\u00a0quest\u00e3o submetida a plen\u00e1rio, bem como da regularidade da aprova\u00e7\u00e3o de tal\u00a0convoca\u00e7\u00e3o, infirmando o ato convocat\u00f3rio.<\/em><br \/>\n<em>Tem-se claro, portanto, que o ato impugnado fere o princ\u00edpio da\u00a0legalidade e da publicidade, na medida em que inobserva as normas legais e\u00a0regimentais atinentes \u00e0 mat\u00e9ria, e afronta o quanto previsto nos \u00a7\u00a7 3\u00ba e 4\u00ba do art. 49\u00a0<\/em><em>do regimento interno, que imp\u00f5e ao Presidente da C\u00e2mara dar ampla publicidade \u00e0s\u00a0Sess\u00f5es, divulgando a pauta e o resumo dos trabalhos legislativos.<\/em><br \/>\n<em>Por fim, insta salientar que a convoca\u00e7\u00e3o impugnada afronta os\u00a0princ\u00edpios da razoabilidade e da moralidade, eis que busca antecipar, em quase 8\u00a0(oito) meses, as elei\u00e7\u00f5es para a mesa diretora, sem qualquer pr\u00e9vio debate, ou mesmo\u00a0<\/em><em>sem apresentar motiva\u00e7\u00e3o id\u00f4nea, e ainda se d\u00e1 de forma a\u00e7odada, atropelando as\u00a0normas legais e regimentais, no ex\u00edguo prazo de 5(cinco) dias desde sua proposi\u00e7\u00e3o\u00a0at\u00e9 a realiza\u00e7\u00e3o, dificultando, com isso a regular composi\u00e7\u00e3o de chapas e alian\u00e7as\u00a0pr\u00f3prias do jogo pol\u00edtico.<\/em><br \/>\n<em>O periculum in mora, por sua vez, traduz-se na pr\u00f3pria surpresa\u00a0decorrente da realiza\u00e7\u00e3o das elei\u00e7\u00f5es, bem como na dificuldade informada para\u00a0forma\u00e7\u00e3o, composi\u00e7\u00e3o e inscri\u00e7\u00e3o de chapa para concorrer \u00e0 mesa diretora, em face\u00a0<\/em><em>da exiguidade do lapso temporal existente entre a convoca\u00e7\u00e3o e a realiza\u00e7\u00e3o da\u00a0sess\u00e3o especial.<\/em><br \/>\n<em>Isto posto, e por tudo o mais que dos autos consta, concedo\u00a0LIMINAR para determinar a suspens\u00e3o da sess\u00e3o especial para elei\u00e7\u00e3o da mesa\u00a0diretora da C\u00e2mara de Vereadores que se realizar\u00e1 no dia 16\/04\/2014, sob pena de<\/em><br \/>\n<em>multa que fixo em R$ 10.000,00 (dez mil reais).<\/em><br \/>\n<em>Notifique a autoridade tida como coatora, nos termos do inciso I do\u00a0art. 7\u00ba da Lei n\u00ba 12.016\/2009, instruindo o mandado com a segunda via da inicial e dos\u00a0documentos, para que, no prazo de 10 (dez) dias, preste as necess\u00e1rias informa\u00e7\u00f5es.<\/em><br \/>\n<em>Notifique-se a C\u00e2mara de Vereadores de Itapetinga, enviando-lhe\u00a0c\u00f3pia da inicial sem documentos, para que, querendo, ingresse no feito.<\/em><br \/>\n<em>Intime-se o Impetrante para que junte aos autos a \u00edntegra do\u00a0Regimento Interno da C\u00e2mara de Vereadores com a certid\u00e3o de sua vig\u00eancia.&#8221;<\/em><\/p>\n<div id=\"attachment_36106\" style=\"width: 458px\" class=\"wp-caption aligncenter\"><a href=\"http:\/\/www.sudoestehoje.com.br\/novoportal\/wp-content\/uploads\/2014\/04\/oficiais.jpg\"><img loading=\"lazy\" decoding=\"async\" aria-describedby=\"caption-attachment-36106\" class=\"size-full wp-image-36106\" alt=\"Oficiais de justi\u00e7a intimaram a presidente N\u00eddia Oliveira e a C\u00e2mara, da decis\u00e3o judicial que  concedeu Liminar suspendendo a sess\u00e3o.\" src=\"http:\/\/www.sudoestehoje.com.br\/novoportal\/wp-content\/uploads\/2014\/04\/oficiais.jpg\" width=\"448\" height=\"336\" \/><\/a><p id=\"caption-attachment-36106\" class=\"wp-caption-text\">Oficiais de justi\u00e7a intimaram a presidente N\u00eddia Oliveira e a C\u00e2mara, da decis\u00e3o judicial que concedeu Liminar suspendendo a sess\u00e3o.<\/p><\/div>\n<p>Quando os oficiais de justi\u00e7a chegaram \u00e0 C\u00e2mara Municipal para cumprirem o Mandado Judicial, a elei\u00e7\u00e3o j\u00e1 havia sido realizada \u00e0s pressas, mas de nada valeu, pois os seus efeitos s\u00e3o considerados nulos de pleno direito, por decis\u00e3o da justi\u00e7a.<\/p>\n<p><strong><em>Por Davi Ferraz<\/em><\/strong><\/p>\n","protected":false},"excerpt":{"rendered":"<p>ITAPETINGA: Apreciando o Mandado de Seguran\u00e7a impetrado pelos vereadores de oposi\u00e7\u00e3o Naara Duarte, Fabiano Bahia, Tarug\u00e3o e Jo\u00e3o de Deus e Renan Coelho, a\u00a0Ju\u00edza Mirna Fraga Souza de Faria\u00a0concedeu Liminar suspendendo a sess\u00e3o legislativa da C\u00e2mara Municipal de Itapetinga, designada para esta quarta-feira, com o intuito de eleger a nova mesa diretora da casa, com [&hellip;]<\/p>\n","protected":false},"author":2,"featured_media":0,"comment_status":"open","ping_status":"open","sticky":false,"template":"","format":"standard","meta":{"footnotes":"","_links_to":"","_links_to_target":""},"categories":[1],"tags":[],"class_list":["post-36098","post","type-post","status-publish","format-standard","hentry","category-geral"],"views":1383,"_links":{"self":[{"href":"https:\/\/www.sudoestehoje.com.br\/novoportal\/wp-json\/wp\/v2\/posts\/36098","targetHints":{"allow":["GET"]}}],"collection":[{"href":"https:\/\/www.sudoestehoje.com.br\/novoportal\/wp-json\/wp\/v2\/posts"}],"about":[{"href":"https:\/\/www.sudoestehoje.com.br\/novoportal\/wp-json\/wp\/v2\/types\/post"}],"author":[{"embeddable":true,"href":"https:\/\/www.sudoestehoje.com.br\/novoportal\/wp-json\/wp\/v2\/users\/2"}],"replies":[{"embeddable":true,"href":"https:\/\/www.sudoestehoje.com.br\/novoportal\/wp-json\/wp\/v2\/comments?post=36098"}],"version-history":[{"count":9,"href":"https:\/\/www.sudoestehoje.com.br\/novoportal\/wp-json\/wp\/v2\/posts\/36098\/revisions"}],"predecessor-version":[{"id":36109,"href":"https:\/\/www.sudoestehoje.com.br\/novoportal\/wp-json\/wp\/v2\/posts\/36098\/revisions\/36109"}],"wp:attachment":[{"href":"https:\/\/www.sudoestehoje.com.br\/novoportal\/wp-json\/wp\/v2\/media?parent=36098"}],"wp:term":[{"taxonomy":"category","embeddable":true,"href":"https:\/\/www.sudoestehoje.com.br\/novoportal\/wp-json\/wp\/v2\/categories?post=36098"},{"taxonomy":"post_tag","embeddable":true,"href":"https:\/\/www.sudoestehoje.com.br\/novoportal\/wp-json\/wp\/v2\/tags?post=36098"}],"curies":[{"name":"wp","href":"https:\/\/api.w.org\/{rel}","templated":true}]}}