
{"id":36091,"date":"2014-04-16T00:08:06","date_gmt":"2014-04-16T03:08:06","guid":{"rendered":"http:\/\/www.sudoestehoje.com.br\/novoportal\/?p=36091"},"modified":"2014-04-16T09:01:53","modified_gmt":"2014-04-16T12:01:53","slug":"vereador-renan-decreta-luto-em-protesto-contra-eleicao-antecipada","status":"publish","type":"post","link":"https:\/\/www.sudoestehoje.com.br\/novoportal\/2014\/04\/16\/vereador-renan-decreta-luto-em-protesto-contra-eleicao-antecipada\/","title":{"rendered":"VEREADORES DECRETAM LUTO EM PROTESTO CONTRA ELEI\u00c7\u00c3O ANTECIPADA"},"content":{"rendered":"<div id=\"attachment_36092\" style=\"width: 460px\" class=\"wp-caption aligncenter\"><a href=\"http:\/\/www.sudoestehoje.com.br\/novoportal\/wp-content\/uploads\/2014\/04\/LUTO-RENAN.jpg\"><img decoding=\"async\" aria-describedby=\"caption-attachment-36092\" class=\" wp-image-36092 \" alt=\"O \" src=\"http:\/\/www.sudoestehoje.com.br\/novoportal\/wp-content\/uploads\/2014\/04\/LUTO-RENAN.jpg\" width=\"450\" \/><\/a><p id=\"caption-attachment-36092\" class=\"wp-caption-text\">Os vereadores Renan Coelho, Fabiano Bahia, Jo\u00e3o de Deus, Naara Duarte, Marcos Gabrielle e Tarug\u00e3o, protestaram contra a antecipa\u00e7\u00e3o da elei\u00e7\u00e3o da mesa diretora da c\u00e2mara, colocando faixas pretas nas portas dos seus gabinetes. \u00a0Foto Facebook<\/p><\/div>\n","protected":false},"excerpt":{"rendered":"","protected":false},"author":2,"featured_media":0,"comment_status":"open","ping_status":"open","sticky":false,"template":"","format":"standard","meta":{"footnotes":"","_links_to":"","_links_to_target":""},"categories":[1],"tags":[],"class_list":["post-36091","post","type-post","status-publish","format-standard","hentry","category-geral"],"views":1229,"_links":{"self":[{"href":"https:\/\/www.sudoestehoje.com.br\/novoportal\/wp-json\/wp\/v2\/posts\/36091","targetHints":{"allow":["GET"]}}],"collection":[{"href":"https:\/\/www.sudoestehoje.com.br\/novoportal\/wp-json\/wp\/v2\/posts"}],"about":[{"href":"https:\/\/www.sudoestehoje.com.br\/novoportal\/wp-json\/wp\/v2\/types\/post"}],"author":[{"embeddable":true,"href":"https:\/\/www.sudoestehoje.com.br\/novoportal\/wp-json\/wp\/v2\/users\/2"}],"replies":[{"embeddable":true,"href":"https:\/\/www.sudoestehoje.com.br\/novoportal\/wp-json\/wp\/v2\/comments?post=36091"}],"version-history":[{"count":4,"href":"https:\/\/www.sudoestehoje.com.br\/novoportal\/wp-json\/wp\/v2\/posts\/36091\/revisions"}],"predecessor-version":[{"id":36096,"href":"https:\/\/www.sudoestehoje.com.br\/novoportal\/wp-json\/wp\/v2\/posts\/36091\/revisions\/36096"}],"wp:attachment":[{"href":"https:\/\/www.sudoestehoje.com.br\/novoportal\/wp-json\/wp\/v2\/media?parent=36091"}],"wp:term":[{"taxonomy":"category","embeddable":true,"href":"https:\/\/www.sudoestehoje.com.br\/novoportal\/wp-json\/wp\/v2\/categories?post=36091"},{"taxonomy":"post_tag","embeddable":true,"href":"https:\/\/www.sudoestehoje.com.br\/novoportal\/wp-json\/wp\/v2\/tags?post=36091"}],"curies":[{"name":"wp","href":"https:\/\/api.w.org\/{rel}","templated":true}]}}