
{"id":3609,"date":"2011-02-24T11:52:27","date_gmt":"2011-02-24T14:52:27","guid":{"rendered":"http:\/\/www.sudoestehoje.com.br\/novoportal\/?p=3609"},"modified":"2011-02-24T22:31:55","modified_gmt":"2011-02-25T01:31:55","slug":"sandro-regis-presente-na-principal-comissao-da-assembeia","status":"publish","type":"post","link":"https:\/\/www.sudoestehoje.com.br\/novoportal\/2011\/02\/24\/sandro-regis-presente-na-principal-comissao-da-assembeia\/","title":{"rendered":"SANDRO R\u00c9GIS PRESENTE NA PRINCIPAL COMISS\u00c3O DA ASSEMBL\u00c9IA"},"content":{"rendered":"<p style=\"text-align: center;\"><img decoding=\"async\" class=\"aligncenter\" src=\"http:\/\/www.opiniaodeipiau.com.br\/wp-content\/uploads\/2009\/06\/sandro20cavalgada.jpg\" alt=\"\" \/><\/p>\n<p style=\"text-align: center;\"><em><strong>Deputado Sandro R\u00e9gis (PR)<\/strong><\/em><\/p>\n<p>\u00a0<\/p>\n<p>O deputado estadual Sandro R\u00e9gis, l\u00edder do bloco PR\/PSDB na Assembl\u00e9ia Legislativa, foi escolhido pelas lideran\u00e7as partid\u00e1rias para ser membro titular da Comiss\u00e3o de Constitui\u00e7\u00e3o e Justi\u00e7a, tida como a mais importante da casa e de maior representatividade. O parlamentar tamb\u00e9m ocupar\u00e1 a posi\u00e7\u00e3o de membro titular da importante Comiss\u00e3o de Seguran\u00e7a P\u00fablica, al\u00e9m de suplente na de Meio Ambiente e\u00a0 Defesa do Consumidor.<\/p>\n<p><strong>Ascom<\/strong><\/p>\n","protected":false},"excerpt":{"rendered":"<p>Deputado Sandro R\u00e9gis (PR) \u00a0 O deputado estadual Sandro R\u00e9gis, l\u00edder do bloco PR\/PSDB na Assembl\u00e9ia Legislativa, foi escolhido pelas lideran\u00e7as partid\u00e1rias para ser membro titular da Comiss\u00e3o de Constitui\u00e7\u00e3o e Justi\u00e7a, tida como a mais importante da casa e de maior representatividade. O parlamentar tamb\u00e9m ocupar\u00e1 a posi\u00e7\u00e3o de membro titular da importante Comiss\u00e3o [&hellip;]<\/p>\n","protected":false},"author":2,"featured_media":0,"comment_status":"open","ping_status":"open","sticky":false,"template":"","format":"standard","meta":{"footnotes":"","_links_to":"","_links_to_target":""},"categories":[1],"tags":[],"class_list":["post-3609","post","type-post","status-publish","format-standard","hentry","category-geral"],"views":1577,"_links":{"self":[{"href":"https:\/\/www.sudoestehoje.com.br\/novoportal\/wp-json\/wp\/v2\/posts\/3609","targetHints":{"allow":["GET"]}}],"collection":[{"href":"https:\/\/www.sudoestehoje.com.br\/novoportal\/wp-json\/wp\/v2\/posts"}],"about":[{"href":"https:\/\/www.sudoestehoje.com.br\/novoportal\/wp-json\/wp\/v2\/types\/post"}],"author":[{"embeddable":true,"href":"https:\/\/www.sudoestehoje.com.br\/novoportal\/wp-json\/wp\/v2\/users\/2"}],"replies":[{"embeddable":true,"href":"https:\/\/www.sudoestehoje.com.br\/novoportal\/wp-json\/wp\/v2\/comments?post=3609"}],"version-history":[{"count":4,"href":"https:\/\/www.sudoestehoje.com.br\/novoportal\/wp-json\/wp\/v2\/posts\/3609\/revisions"}],"predecessor-version":[{"id":3612,"href":"https:\/\/www.sudoestehoje.com.br\/novoportal\/wp-json\/wp\/v2\/posts\/3609\/revisions\/3612"}],"wp:attachment":[{"href":"https:\/\/www.sudoestehoje.com.br\/novoportal\/wp-json\/wp\/v2\/media?parent=3609"}],"wp:term":[{"taxonomy":"category","embeddable":true,"href":"https:\/\/www.sudoestehoje.com.br\/novoportal\/wp-json\/wp\/v2\/categories?post=3609"},{"taxonomy":"post_tag","embeddable":true,"href":"https:\/\/www.sudoestehoje.com.br\/novoportal\/wp-json\/wp\/v2\/tags?post=3609"}],"curies":[{"name":"wp","href":"https:\/\/api.w.org\/{rel}","templated":true}]}}