
{"id":36072,"date":"2014-04-15T22:24:39","date_gmt":"2014-04-16T01:24:39","guid":{"rendered":"http:\/\/www.sudoestehoje.com.br\/novoportal\/?p=36072"},"modified":"2014-04-15T22:25:01","modified_gmt":"2014-04-16T01:25:01","slug":"greve-da-pm-secretario-diz-que-policiais-descumpriram-acordo","status":"publish","type":"post","link":"https:\/\/www.sudoestehoje.com.br\/novoportal\/2014\/04\/15\/greve-da-pm-secretario-diz-que-policiais-descumpriram-acordo\/","title":{"rendered":"GREVE DA PM: SECRET\u00c1RIO DIZ QUE POLICIAIS DESCUMPRIRAM ACORDO"},"content":{"rendered":"<div id=\"attachment_36073\" style=\"width: 510px\" class=\"wp-caption aligncenter\"><a href=\"http:\/\/www.sudoestehoje.com.br\/novoportal\/wp-content\/uploads\/2014\/04\/SECRET\u00c1RIO-SEGURAN\u00c7A.jpg\"><img loading=\"lazy\" decoding=\"async\" aria-describedby=\"caption-attachment-36073\" class=\"size-medium wp-image-36073\" alt=\"Segundo o secret\u00e1rio, tropas federais j\u00e1 foram requisitadas pelo governador Wagner.\" src=\"http:\/\/www.sudoestehoje.com.br\/novoportal\/wp-content\/uploads\/2014\/04\/SECRET\u00c1RIO-SEGURAN\u00c7A-500x333.jpg\" width=\"500\" height=\"333\" srcset=\"https:\/\/www.sudoestehoje.com.br\/novoportal\/wp-content\/uploads\/2014\/04\/SECRET\u00c1RIO-SEGURAN\u00c7A-500x333.jpg 500w, https:\/\/www.sudoestehoje.com.br\/novoportal\/wp-content\/uploads\/2014\/04\/SECRET\u00c1RIO-SEGURAN\u00c7A.jpg 620w\" sizes=\"auto, (max-width: 500px) 100vw, 500px\" \/><\/a><p id=\"caption-attachment-36073\" class=\"wp-caption-text\">Segundo o secret\u00e1rio, tropas federais j\u00e1 foram requisitadas pelo governador Wagner.<\/p><\/div>\n<p><strong><em>Correio<\/em><\/strong><\/p>\n<p>O secret\u00e1rio da Seguran\u00e7a P\u00fablica Maur\u00edcio Barbosa deu entrevista coletiva na noite desta ter\u00e7a-feira (15), ap\u00f3s o in\u00edcio da greve da Pol\u00edcia Militar, afirmando que assinou um documento em que o governo se comprometeu a cumprir v\u00e1rias medidas que foram discutidas com o coordenador-geral Marco Prisco em reuni\u00e3o antes da assembleia da categoria.<\/p>\n<p>&#8220;Um documento foi assinado por mim, pelo comandante-geral e por um dos l\u00edderes das associa\u00e7\u00f5es. Ficou decidido que estas propostas seriam assumidas pelo governo. Durante a delibera\u00e7\u00e3o da categoria, recebi uma liga\u00e7\u00e3o desta lideran\u00e7a, informando que estava tudo acertado para a aprova\u00e7\u00e3o do que havia sido acordado. Ainda assim, foi decretada a greve&#8221;, afirmou Barbosa.<\/p>\n<p>Segundo o secret\u00e1rio, j\u00e1 foi pedido ao governo federal a presen\u00e7a do Ex\u00e9rcito e da For\u00e7a Nacional para ajudar na seguran\u00e7a de Salvador &#8211; a popula\u00e7\u00e3o \u00e9 a prioridade no momento.<\/p>\n<p>Estes s\u00e3o os pontos do documento\u00a0 assinado:<!--more--><\/p>\n<p>1 &#8211; Rever o CET dos Pra\u00e7as na propor\u00e7\u00e3o de 25% para os pra\u00e7as na fun\u00e7\u00e3o administrativa, 45% para os pra\u00e7as operacionais e em 60% para os motoristas;<br \/>\n2 &#8211; Retirada para nova discuss\u00e3o da proposta do C\u00f3digo de \u00c9tica e rediscuss\u00e3o das propostas do Estatuto e Plano de carreira, os quais devem se encaminhados com a m\u00e1xima urg\u00eancia \u00e0 Assembleia Legislativa da Bahia;<br \/>\n3 &#8211; Rever os projetos administrativos relacionados a mobiliza\u00e7\u00e3o de 2012;<br \/>\n4 &#8211; Regulamentar o art.92, nas bases a serem negociadas com o Governo do Estado, Associa\u00e7\u00f5es e PM, abrindo as negocia\u00e7\u00f5es no dia 16\/04\/2014.<\/p>\n","protected":false},"excerpt":{"rendered":"<p>Correio O secret\u00e1rio da Seguran\u00e7a P\u00fablica Maur\u00edcio Barbosa deu entrevista coletiva na noite desta ter\u00e7a-feira (15), ap\u00f3s o in\u00edcio da greve da Pol\u00edcia Militar, afirmando que assinou um documento em que o governo se comprometeu a cumprir v\u00e1rias medidas que foram discutidas com o coordenador-geral Marco Prisco em reuni\u00e3o antes da assembleia da categoria. &#8220;Um [&hellip;]<\/p>\n","protected":false},"author":2,"featured_media":0,"comment_status":"open","ping_status":"open","sticky":false,"template":"","format":"standard","meta":{"footnotes":"","_links_to":"","_links_to_target":""},"categories":[1],"tags":[],"class_list":["post-36072","post","type-post","status-publish","format-standard","hentry","category-geral"],"views":1157,"_links":{"self":[{"href":"https:\/\/www.sudoestehoje.com.br\/novoportal\/wp-json\/wp\/v2\/posts\/36072","targetHints":{"allow":["GET"]}}],"collection":[{"href":"https:\/\/www.sudoestehoje.com.br\/novoportal\/wp-json\/wp\/v2\/posts"}],"about":[{"href":"https:\/\/www.sudoestehoje.com.br\/novoportal\/wp-json\/wp\/v2\/types\/post"}],"author":[{"embeddable":true,"href":"https:\/\/www.sudoestehoje.com.br\/novoportal\/wp-json\/wp\/v2\/users\/2"}],"replies":[{"embeddable":true,"href":"https:\/\/www.sudoestehoje.com.br\/novoportal\/wp-json\/wp\/v2\/comments?post=36072"}],"version-history":[{"count":3,"href":"https:\/\/www.sudoestehoje.com.br\/novoportal\/wp-json\/wp\/v2\/posts\/36072\/revisions"}],"predecessor-version":[{"id":36077,"href":"https:\/\/www.sudoestehoje.com.br\/novoportal\/wp-json\/wp\/v2\/posts\/36072\/revisions\/36077"}],"wp:attachment":[{"href":"https:\/\/www.sudoestehoje.com.br\/novoportal\/wp-json\/wp\/v2\/media?parent=36072"}],"wp:term":[{"taxonomy":"category","embeddable":true,"href":"https:\/\/www.sudoestehoje.com.br\/novoportal\/wp-json\/wp\/v2\/categories?post=36072"},{"taxonomy":"post_tag","embeddable":true,"href":"https:\/\/www.sudoestehoje.com.br\/novoportal\/wp-json\/wp\/v2\/tags?post=36072"}],"curies":[{"name":"wp","href":"https:\/\/api.w.org\/{rel}","templated":true}]}}