
{"id":36064,"date":"2014-04-15T21:57:15","date_gmt":"2014-04-16T00:57:15","guid":{"rendered":"http:\/\/www.sudoestehoje.com.br\/novoportal\/?p=36064"},"modified":"2014-04-16T09:08:41","modified_gmt":"2014-04-16T12:08:41","slug":"vereadores-de-oposicao-podem-nao-comparecer-na-eleicao-da-nova-mesa","status":"publish","type":"post","link":"https:\/\/www.sudoestehoje.com.br\/novoportal\/2014\/04\/15\/vereadores-de-oposicao-podem-nao-comparecer-na-eleicao-da-nova-mesa\/","title":{"rendered":"VEREADORES DE OPOSI\u00c7\u00c3O PODEM N\u00c3O COMPARECER \u00c0 ELEI\u00c7\u00c3O DA NOVA MESA"},"content":{"rendered":"<div id=\"attachment_36066\" style=\"width: 510px\" class=\"wp-caption aligncenter\"><a href=\"http:\/\/www.sudoestehoje.com.br\/novoportal\/wp-content\/uploads\/2014\/04\/opos.jpg\"><img loading=\"lazy\" decoding=\"async\" aria-describedby=\"caption-attachment-36066\" class=\"size-full wp-image-36066\" alt=\"Vereadores de oposi\u00e7\u00e3o pode questionar elei\u00e7\u00e3o antecipada na justi\u00e7a.\" src=\"http:\/\/www.sudoestehoje.com.br\/novoportal\/wp-content\/uploads\/2014\/04\/opos.jpg\" width=\"500\" height=\"375\" \/><\/a><p id=\"caption-attachment-36066\" class=\"wp-caption-text\">Vereadores de oposi\u00e7\u00e3o podem n\u00e3o concorrer, para questionarem \u00a0na justi\u00e7a elei\u00e7\u00e3o antecipada de presidente e mesa diretora do Legislativo.<\/p><\/div>\n<p>ITAPETINGA: Com o resultado praticamente decidido em favor do grupo governista, na elei\u00e7\u00e3o antecipada desta quarta-feira, cresce a possibilidade dos vereadores contr\u00e1rios \u00e0 chapa de situa\u00e7\u00e3o, Fabiano Bahia (DEM), Renan Coelho (PCdoB), Alfredo Cabral (PSD), Marcos Gabrielle (PT), Jo\u00e3o de Deus (PMDB) e Tarug\u00e3o (PRP) e Naara Duarte (DEM), n\u00e3o comparecerem \u00e0 sess\u00e3o.<\/p>\n<p>Se isto se confirmar, a chapa de situa\u00e7\u00e3o ser\u00e1 homologada apenas com os votos dos seus componentes e aliados, o que abrir\u00e1 a possibilidade da ser impugnada na justi\u00e7a, por falta de legitimidade.<\/p>\n<p>Embora o Regimento Interno da C\u00e2mara determine a data limite de 31 de dezembro para a realiza\u00e7\u00e3o da elei\u00e7\u00e3o da Mesa Diretora, a antecipa\u00e7\u00e3o com tamanha anteced\u00eancia (8 meses) \u00e9 uma verdadeira aberra\u00e7\u00e3o jur\u00eddica e pode ser anulada pela justi\u00e7a, com base em vasta \u00a0jurisprud\u00eancia, que n\u00e3o admite esse tipo de manobra.<\/p>\n<p>Se os vereadores contr\u00e1rios levarem o caso adiante, a demanda judicial tem chances enormes de prosperar, pois a antecipa\u00e7\u00e3o feita \u00e0s pressas, fere o princ\u00edpio do equil\u00edbrio da disputa, que deve ser sempre democr\u00e1tica e transparente.<\/p>\n<p><strong><em>Por Davi Ferraz\u00a0<\/em><\/strong><\/p>\n","protected":false},"excerpt":{"rendered":"<p>ITAPETINGA: Com o resultado praticamente decidido em favor do grupo governista, na elei\u00e7\u00e3o antecipada desta quarta-feira, cresce a possibilidade dos vereadores contr\u00e1rios \u00e0 chapa de situa\u00e7\u00e3o, Fabiano Bahia (DEM), Renan Coelho (PCdoB), Alfredo Cabral (PSD), Marcos Gabrielle (PT), Jo\u00e3o de Deus (PMDB) e Tarug\u00e3o (PRP) e Naara Duarte (DEM), n\u00e3o comparecerem \u00e0 sess\u00e3o. Se isto [&hellip;]<\/p>\n","protected":false},"author":2,"featured_media":0,"comment_status":"open","ping_status":"open","sticky":false,"template":"","format":"standard","meta":{"footnotes":"","_links_to":"","_links_to_target":""},"categories":[1],"tags":[],"class_list":["post-36064","post","type-post","status-publish","format-standard","hentry","category-geral"],"views":1125,"_links":{"self":[{"href":"https:\/\/www.sudoestehoje.com.br\/novoportal\/wp-json\/wp\/v2\/posts\/36064","targetHints":{"allow":["GET"]}}],"collection":[{"href":"https:\/\/www.sudoestehoje.com.br\/novoportal\/wp-json\/wp\/v2\/posts"}],"about":[{"href":"https:\/\/www.sudoestehoje.com.br\/novoportal\/wp-json\/wp\/v2\/types\/post"}],"author":[{"embeddable":true,"href":"https:\/\/www.sudoestehoje.com.br\/novoportal\/wp-json\/wp\/v2\/users\/2"}],"replies":[{"embeddable":true,"href":"https:\/\/www.sudoestehoje.com.br\/novoportal\/wp-json\/wp\/v2\/comments?post=36064"}],"version-history":[{"count":6,"href":"https:\/\/www.sudoestehoje.com.br\/novoportal\/wp-json\/wp\/v2\/posts\/36064\/revisions"}],"predecessor-version":[{"id":36097,"href":"https:\/\/www.sudoestehoje.com.br\/novoportal\/wp-json\/wp\/v2\/posts\/36064\/revisions\/36097"}],"wp:attachment":[{"href":"https:\/\/www.sudoestehoje.com.br\/novoportal\/wp-json\/wp\/v2\/media?parent=36064"}],"wp:term":[{"taxonomy":"category","embeddable":true,"href":"https:\/\/www.sudoestehoje.com.br\/novoportal\/wp-json\/wp\/v2\/categories?post=36064"},{"taxonomy":"post_tag","embeddable":true,"href":"https:\/\/www.sudoestehoje.com.br\/novoportal\/wp-json\/wp\/v2\/tags?post=36064"}],"curies":[{"name":"wp","href":"https:\/\/api.w.org\/{rel}","templated":true}]}}