
{"id":36059,"date":"2014-04-15T20:59:25","date_gmt":"2014-04-15T23:59:25","guid":{"rendered":"http:\/\/www.sudoestehoje.com.br\/novoportal\/?p=36059"},"modified":"2014-04-15T21:00:39","modified_gmt":"2014-04-16T00:00:39","slug":"policiais-militares-deflagram-greve-por-tempo-indeterminado","status":"publish","type":"post","link":"https:\/\/www.sudoestehoje.com.br\/novoportal\/2014\/04\/15\/policiais-militares-deflagram-greve-por-tempo-indeterminado\/","title":{"rendered":"POLICIAIS MILITARES DA BAHIA DEFLAGRAM GREVE POR TEMPO INDETERMINADO"},"content":{"rendered":"<p style=\"text-align: center;\"><a href=\"http:\/\/www.sudoestehoje.com.br\/novoportal\/wp-content\/uploads\/2014\/04\/GREVE-PM.jpg\"><img decoding=\"async\" class=\"aligncenter  wp-image-36060\" alt=\"GREVE PM\" src=\"http:\/\/www.sudoestehoje.com.br\/novoportal\/wp-content\/uploads\/2014\/04\/GREVE-PM.jpg\" width=\"450\" \/><\/a><\/p>\n<p>Os policiais militares da Bahia decidiram, em assembleia-geral realizada nesta ter\u00e7a-feira (15), no espa\u00e7o Wet\u2019n Wild, na Avenida Paralela, decretar greve por tempo indeterminado a partir da 0h de quarta (16).<\/p>\n<p>Como j\u00e1 era sinalizado tanto pelos pra\u00e7as quanto pelos oficiais, a categoria n\u00e3o aceitou as propostas do governo do Estado, que apresentou a Lei de Moderniza\u00e7\u00e3o da PM na \u00faltima quinta (10), a qual foi considerada um \u201cretrocesso\u201d pela classe.<\/p>\n<p>Apesar da reuni\u00e3o entre representantes da categoria e do Pal\u00e1cio de Ondina e apresenta\u00e7\u00e3o de \u201cavan\u00e7os\u201dem itens do C\u00f3digo de \u00c9tica da PM e da progress\u00e3o salarial, n\u00e3o houve acordo em rela\u00e7\u00e3o \u00e0s reivindica\u00e7\u00f5es dos policiais, a exemplo do pagamento da Unidade Real de Valor Monet\u00e1rio (URV).<\/p>\n<p>Os pontos discutidos em reuni\u00e3o foram apresentados pelo vereador Marco Prisco (PSDB) e rejeitados pela maioria dos mais de 2 mil policiais presentes \u00e0 casa de shows, aos gritos de \u201c\u00f4, a PM parou\u201d. O tucano clamou \u00e0 tropa n\u00e3o deixar o local e convocou outros PMs a se unir ao grupo.<\/p>\n","protected":false},"excerpt":{"rendered":"<p>Os policiais militares da Bahia decidiram, em assembleia-geral realizada nesta ter\u00e7a-feira (15), no espa\u00e7o Wet\u2019n Wild, na Avenida Paralela, decretar greve por tempo indeterminado a partir da 0h de quarta (16). Como j\u00e1 era sinalizado tanto pelos pra\u00e7as quanto pelos oficiais, a categoria n\u00e3o aceitou as propostas do governo do Estado, que apresentou a Lei [&hellip;]<\/p>\n","protected":false},"author":2,"featured_media":0,"comment_status":"open","ping_status":"open","sticky":false,"template":"","format":"standard","meta":{"footnotes":"","_links_to":"","_links_to_target":""},"categories":[1],"tags":[],"class_list":["post-36059","post","type-post","status-publish","format-standard","hentry","category-geral"],"views":1051,"_links":{"self":[{"href":"https:\/\/www.sudoestehoje.com.br\/novoportal\/wp-json\/wp\/v2\/posts\/36059","targetHints":{"allow":["GET"]}}],"collection":[{"href":"https:\/\/www.sudoestehoje.com.br\/novoportal\/wp-json\/wp\/v2\/posts"}],"about":[{"href":"https:\/\/www.sudoestehoje.com.br\/novoportal\/wp-json\/wp\/v2\/types\/post"}],"author":[{"embeddable":true,"href":"https:\/\/www.sudoestehoje.com.br\/novoportal\/wp-json\/wp\/v2\/users\/2"}],"replies":[{"embeddable":true,"href":"https:\/\/www.sudoestehoje.com.br\/novoportal\/wp-json\/wp\/v2\/comments?post=36059"}],"version-history":[{"count":3,"href":"https:\/\/www.sudoestehoje.com.br\/novoportal\/wp-json\/wp\/v2\/posts\/36059\/revisions"}],"predecessor-version":[{"id":36063,"href":"https:\/\/www.sudoestehoje.com.br\/novoportal\/wp-json\/wp\/v2\/posts\/36059\/revisions\/36063"}],"wp:attachment":[{"href":"https:\/\/www.sudoestehoje.com.br\/novoportal\/wp-json\/wp\/v2\/media?parent=36059"}],"wp:term":[{"taxonomy":"category","embeddable":true,"href":"https:\/\/www.sudoestehoje.com.br\/novoportal\/wp-json\/wp\/v2\/categories?post=36059"},{"taxonomy":"post_tag","embeddable":true,"href":"https:\/\/www.sudoestehoje.com.br\/novoportal\/wp-json\/wp\/v2\/tags?post=36059"}],"curies":[{"name":"wp","href":"https:\/\/api.w.org\/{rel}","templated":true}]}}