
{"id":36053,"date":"2014-04-15T19:01:26","date_gmt":"2014-04-15T22:01:26","guid":{"rendered":"http:\/\/www.sudoestehoje.com.br\/novoportal\/?p=36053"},"modified":"2014-04-15T19:01:26","modified_gmt":"2014-04-15T22:01:26","slug":"camara-alfredo-cabral-mantem-compromisso-com-chapa-de-oposicao","status":"publish","type":"post","link":"https:\/\/www.sudoestehoje.com.br\/novoportal\/2014\/04\/15\/camara-alfredo-cabral-mantem-compromisso-com-chapa-de-oposicao\/","title":{"rendered":"C\u00c2MARA: ALFREDO CABRAL MANT\u00c9M COMPROMISSO COM CHAPA DE OPOSI\u00c7\u00c3O"},"content":{"rendered":"<p><img decoding=\"async\" class=\"aligncenter\" alt=\"\" src=\"http:\/\/www.sudoestehoje.com.br\/novoportal\/wp-content\/uploads\/2013\/07\/GEDC0089.jpg\" width=\"500\" \/><\/p>\n<p>Em virtude de especula\u00e7\u00f5es sobre a sua posi\u00e7\u00e3o na elei\u00e7\u00e3o da nova mesa diretora da C\u00e2mara Municipal, antecipada para esta quarta-feira, o vereador Alfredo Cabral de Assis postou <span style=\"text-decoration: underline;\">Nota P\u00fablica<\/span>\u00a0 em sua p\u00e1gina no Facebook, esclarecendo toda a celeuma em torno do seu voto. Confira na \u00edntegra o que diz o vereador Alfredo Cabral:<\/p>\n<p><em>&#8220;O vereador ALFREDO CABRAL DE ASSIS afirma que n\u00e3o pretende ser candidato a Presidente da Mesa da C\u00e2mara de Vereadores de Itapetinga e entende que qualquer um dos vereadores tem o direito de ter essa pretens\u00e3o.\u00a0No caso especifico da elei\u00e7\u00e3o prevista para o segundo per\u00edodo, 2015\/2016, eu j\u00e1 tinha sido solicitado pelos vereadores Jo\u00e3o de Deus, Marcos Gabrielle, Fabiano Bahia, Tarug\u00e3o e Naara Duarte, para apoi\u00e1-los na composi\u00e7\u00e3o de uma nova mesa, onde assumi esse compromisso.\u00a0O fato de ser da base do governo e por n\u00e3o ter sido solicitado esse apoio anteriormente, n\u00e3o vejo motivo para voltar atr\u00e1s. Caso houvesse um motivo maior, antes de qualquer coisa iria me reunir com aqueles que primeiro me pediram o apoio, e me justificaria.\u00a0Contudo nada mudou. O vereador Valdeir \u00e9 amigo nosso, n\u00e3o tenho nada contra sua pessoa, mas j\u00e1 tinha assumido um compromisso anteriormente, e manterei.&#8221;<\/em><\/p>\n<p>Para quem tinha alguma d\u00favida sobre a postura do vereador Alfredo Cabral, a\u00ed est\u00e1 a resposta.<\/p>\n<p><strong><em>Por Davi Ferraz<\/em><\/strong><\/p>\n","protected":false},"excerpt":{"rendered":"<p>Em virtude de especula\u00e7\u00f5es sobre a sua posi\u00e7\u00e3o na elei\u00e7\u00e3o da nova mesa diretora da C\u00e2mara Municipal, antecipada para esta quarta-feira, o vereador Alfredo Cabral de Assis postou Nota P\u00fablica\u00a0 em sua p\u00e1gina no Facebook, esclarecendo toda a celeuma em torno do seu voto. Confira na \u00edntegra o que diz o vereador Alfredo Cabral: &#8220;O [&hellip;]<\/p>\n","protected":false},"author":2,"featured_media":0,"comment_status":"open","ping_status":"open","sticky":false,"template":"","format":"standard","meta":{"footnotes":"","_links_to":"","_links_to_target":""},"categories":[1],"tags":[],"class_list":["post-36053","post","type-post","status-publish","format-standard","hentry","category-geral"],"views":1144,"_links":{"self":[{"href":"https:\/\/www.sudoestehoje.com.br\/novoportal\/wp-json\/wp\/v2\/posts\/36053","targetHints":{"allow":["GET"]}}],"collection":[{"href":"https:\/\/www.sudoestehoje.com.br\/novoportal\/wp-json\/wp\/v2\/posts"}],"about":[{"href":"https:\/\/www.sudoestehoje.com.br\/novoportal\/wp-json\/wp\/v2\/types\/post"}],"author":[{"embeddable":true,"href":"https:\/\/www.sudoestehoje.com.br\/novoportal\/wp-json\/wp\/v2\/users\/2"}],"replies":[{"embeddable":true,"href":"https:\/\/www.sudoestehoje.com.br\/novoportal\/wp-json\/wp\/v2\/comments?post=36053"}],"version-history":[{"count":5,"href":"https:\/\/www.sudoestehoje.com.br\/novoportal\/wp-json\/wp\/v2\/posts\/36053\/revisions"}],"predecessor-version":[{"id":36058,"href":"https:\/\/www.sudoestehoje.com.br\/novoportal\/wp-json\/wp\/v2\/posts\/36053\/revisions\/36058"}],"wp:attachment":[{"href":"https:\/\/www.sudoestehoje.com.br\/novoportal\/wp-json\/wp\/v2\/media?parent=36053"}],"wp:term":[{"taxonomy":"category","embeddable":true,"href":"https:\/\/www.sudoestehoje.com.br\/novoportal\/wp-json\/wp\/v2\/categories?post=36053"},{"taxonomy":"post_tag","embeddable":true,"href":"https:\/\/www.sudoestehoje.com.br\/novoportal\/wp-json\/wp\/v2\/tags?post=36053"}],"curies":[{"name":"wp","href":"https:\/\/api.w.org\/{rel}","templated":true}]}}