
{"id":36039,"date":"2014-04-15T12:36:34","date_gmt":"2014-04-15T15:36:34","guid":{"rendered":"http:\/\/www.sudoestehoje.com.br\/novoportal\/?p=36039"},"modified":"2014-04-15T13:26:28","modified_gmt":"2014-04-15T16:26:28","slug":"procura-se-o-vereador-valquirao","status":"publish","type":"post","link":"https:\/\/www.sudoestehoje.com.br\/novoportal\/2014\/04\/15\/procura-se-o-vereador-valquirao\/","title":{"rendered":"PROCURA-SE O VEREADOR VALQUIR\u00c3O"},"content":{"rendered":"<p style=\"text-align: center;\"><a href=\"http:\/\/www.sudoestehoje.com.br\/novoportal\/wp-content\/uploads\/2014\/04\/valquirao.jpg\"><img decoding=\"async\" class=\"aligncenter  wp-image-36040\" alt=\"valquirao\" src=\"http:\/\/www.sudoestehoje.com.br\/novoportal\/wp-content\/uploads\/2014\/04\/valquirao.jpg\" width=\"250\" \/><\/a><\/p>\n<p>Comenta-se palos quatro cantos da cidade, que o vereador Valquir\u00e3o (PR), eleito pela oposi\u00e7\u00e3o, mas cooptado pelo grupo do prefeito Z\u00e9 Carlos logo no in\u00edcio do seu mandato, tomou &#8216;ch\u00e1 de sumi\u00e7o&#8217; desde o an\u00fancio da antecipa\u00e7\u00e3o da elei\u00e7\u00e3o para a nova mesa diretora da C\u00e2mara Municipal,\u00a0que dever\u00e1 acontecer nesta quarta-feira, a partir 10 horas.<\/p>\n<p>Corre nos meios pol\u00edticos, que o motivo do sumi\u00e7o do vereador seria em fun\u00e7\u00e3o de um &#8216;acordo&#8217; firmado com o grupo de Romildo Teixeira, que \u00e9 mestre p\u00f3s-graduado na arte de dar sumi\u00e7o em vereador oportunista, sempre nas v\u00e9speras das elei\u00e7\u00f5es internas da C\u00e2mara, como j\u00e1 aconteceu no passado, quando um vereador ficou confinado em Ilh\u00e9us, para n\u00e3o &#8216;trair o grupo&#8217;, diante do ass\u00e9dio dos advers\u00e1rios.<\/p>\n<p>Agora, com muitos &#8216;motivos&#8217; para continuar agarrado \u00e0s benesses do poder, quem desapareceu foi Valquir\u00e3o, mas nem precisava, porque \u00e9 do conhecimento de todos que a sua posi\u00e7\u00e3o j\u00e1 havia sido tomada dois anos atr\u00e1s, quando aderiu \u00a0ao grupo do prefeito, para o resto do seu mandato.<\/p>\n<p>Hoje, segundo se comenta, o nobre edil foi &#8216;abduzido&#8217; pelo ET Romildo, para n\u00e3o ser assediado pela dire\u00e7\u00e3o do seu partido, o PR, mas deve aparecer em cena, como uma esp\u00e9cie de &#8216;her\u00f3i \u00e0s avessas&#8217;, para votar no inexpressivo e vaselinado Valdeir Chagas, para presidente do Legislativo Municipal, com 8 meses de antecipa\u00e7\u00e3o.<\/p>\n<p>Viva as malandragens da democracia!<\/p>\n<p><strong><em>Por Davi Ferraz<\/em><\/strong><\/p>\n","protected":false},"excerpt":{"rendered":"<p>Comenta-se palos quatro cantos da cidade, que o vereador Valquir\u00e3o (PR), eleito pela oposi\u00e7\u00e3o, mas cooptado pelo grupo do prefeito Z\u00e9 Carlos logo no in\u00edcio do seu mandato, tomou &#8216;ch\u00e1 de sumi\u00e7o&#8217; desde o an\u00fancio da antecipa\u00e7\u00e3o da elei\u00e7\u00e3o para a nova mesa diretora da C\u00e2mara Municipal,\u00a0que dever\u00e1 acontecer nesta quarta-feira, a partir 10 horas. [&hellip;]<\/p>\n","protected":false},"author":2,"featured_media":0,"comment_status":"open","ping_status":"open","sticky":false,"template":"","format":"standard","meta":{"footnotes":"","_links_to":"","_links_to_target":""},"categories":[1],"tags":[],"class_list":["post-36039","post","type-post","status-publish","format-standard","hentry","category-geral"],"views":1491,"_links":{"self":[{"href":"https:\/\/www.sudoestehoje.com.br\/novoportal\/wp-json\/wp\/v2\/posts\/36039","targetHints":{"allow":["GET"]}}],"collection":[{"href":"https:\/\/www.sudoestehoje.com.br\/novoportal\/wp-json\/wp\/v2\/posts"}],"about":[{"href":"https:\/\/www.sudoestehoje.com.br\/novoportal\/wp-json\/wp\/v2\/types\/post"}],"author":[{"embeddable":true,"href":"https:\/\/www.sudoestehoje.com.br\/novoportal\/wp-json\/wp\/v2\/users\/2"}],"replies":[{"embeddable":true,"href":"https:\/\/www.sudoestehoje.com.br\/novoportal\/wp-json\/wp\/v2\/comments?post=36039"}],"version-history":[{"count":2,"href":"https:\/\/www.sudoestehoje.com.br\/novoportal\/wp-json\/wp\/v2\/posts\/36039\/revisions"}],"predecessor-version":[{"id":36042,"href":"https:\/\/www.sudoestehoje.com.br\/novoportal\/wp-json\/wp\/v2\/posts\/36039\/revisions\/36042"}],"wp:attachment":[{"href":"https:\/\/www.sudoestehoje.com.br\/novoportal\/wp-json\/wp\/v2\/media?parent=36039"}],"wp:term":[{"taxonomy":"category","embeddable":true,"href":"https:\/\/www.sudoestehoje.com.br\/novoportal\/wp-json\/wp\/v2\/categories?post=36039"},{"taxonomy":"post_tag","embeddable":true,"href":"https:\/\/www.sudoestehoje.com.br\/novoportal\/wp-json\/wp\/v2\/tags?post=36039"}],"curies":[{"name":"wp","href":"https:\/\/api.w.org\/{rel}","templated":true}]}}