
{"id":3603,"date":"2011-02-24T08:07:23","date_gmt":"2011-02-24T11:07:23","guid":{"rendered":"http:\/\/www.sudoestehoje.com.br\/novoportal\/?p=3603"},"modified":"2011-02-24T14:12:47","modified_gmt":"2011-02-24T17:12:47","slug":"senado-confirma-minimo-de-r54500","status":"publish","type":"post","link":"https:\/\/www.sudoestehoje.com.br\/novoportal\/2011\/02\/24\/senado-confirma-minimo-de-r54500\/","title":{"rendered":"SENADO CONFIRMA M\u00cdNIMO DE R$545,00"},"content":{"rendered":"<p>\u00a0<\/p>\n<div style=\"text-align: center;\"><a href=\"http:\/\/www.politicalivre.com.br\/wp-content\/uploads\/2011\/02\/11054741.jpeg\"><em>\u00a0<\/em><\/a><em><img decoding=\"async\" src=\"http:\/\/paginadoenock.com.br\/arquivos\/galeria\/fotos\/1137\/original\/CHARGE%20SENADO%20LADRAO.jpg?1292519425\" alt=\"\" \/>\u00a0<\/em><\/div>\n<div style=\"text-align: center;\"><em>Senadores mantiveram o texto encaminhado pelo Executivo ao Congresso<\/em><\/div>\n<p>\u00a0<\/p>\n<p>O Senado aprovou nesta quarta-feira o sal\u00e1rio m\u00ednimo de R$ 545. Com maioria folgada dos governistas na Casa, os senadores mantiveram integralmente o texto encaminhado pelo Executivo ao Congresso \u2013e conseguiram derrubar emendas que aumentavam o seu valor. O texto segue para san\u00e7\u00e3o da presidente Dilma Rousseff. A base de apoio da presidente tamb\u00e9m manteve o artigo que permite o reajuste do sal\u00e1rio m\u00ednimo, por decreto presidencial, nos pr\u00f3ximos quatro anos. Apesar da press\u00e3o contr\u00e1ria da oposi\u00e7\u00e3o, que acusa o governo de retirar o Congresso da discuss\u00e3o com o reajuste via decreto, o mecanismo foi mantido no texto.\u00a0 Os governistas conseguiram derrubar emenda que aumentava o valor do m\u00ednimo para R$ 560 por 54 votos contra 19, al\u00e9m de quatro absten\u00e7\u00f5es. A vota\u00e7\u00e3o mais apertada foi a emenda do decreto presidencial, na qual 20 senadores apoiaram a mudan\u00e7a no texto. Leia mais na <a href=\"http:\/\/www1.folha.uol.com.br\/poder\/880247-senado-mantem-projeto-do-governo-e-minimo-de-r-545-e-aprovado.shtml\" target=\"_blank\">Folha<\/a>.<\/p>\n","protected":false},"excerpt":{"rendered":"<p>\u00a0 \u00a0\u00a0 Senadores mantiveram o texto encaminhado pelo Executivo ao Congresso \u00a0 O Senado aprovou nesta quarta-feira o sal\u00e1rio m\u00ednimo de R$ 545. Com maioria folgada dos governistas na Casa, os senadores mantiveram integralmente o texto encaminhado pelo Executivo ao Congresso \u2013e conseguiram derrubar emendas que aumentavam o seu valor. O texto segue para san\u00e7\u00e3o [&hellip;]<\/p>\n","protected":false},"author":2,"featured_media":0,"comment_status":"open","ping_status":"open","sticky":false,"template":"","format":"standard","meta":{"footnotes":"","_links_to":"","_links_to_target":""},"categories":[1],"tags":[],"class_list":["post-3603","post","type-post","status-publish","format-standard","hentry","category-geral"],"views":1215,"_links":{"self":[{"href":"https:\/\/www.sudoestehoje.com.br\/novoportal\/wp-json\/wp\/v2\/posts\/3603","targetHints":{"allow":["GET"]}}],"collection":[{"href":"https:\/\/www.sudoestehoje.com.br\/novoportal\/wp-json\/wp\/v2\/posts"}],"about":[{"href":"https:\/\/www.sudoestehoje.com.br\/novoportal\/wp-json\/wp\/v2\/types\/post"}],"author":[{"embeddable":true,"href":"https:\/\/www.sudoestehoje.com.br\/novoportal\/wp-json\/wp\/v2\/users\/2"}],"replies":[{"embeddable":true,"href":"https:\/\/www.sudoestehoje.com.br\/novoportal\/wp-json\/wp\/v2\/comments?post=3603"}],"version-history":[{"count":5,"href":"https:\/\/www.sudoestehoje.com.br\/novoportal\/wp-json\/wp\/v2\/posts\/3603\/revisions"}],"predecessor-version":[{"id":3624,"href":"https:\/\/www.sudoestehoje.com.br\/novoportal\/wp-json\/wp\/v2\/posts\/3603\/revisions\/3624"}],"wp:attachment":[{"href":"https:\/\/www.sudoestehoje.com.br\/novoportal\/wp-json\/wp\/v2\/media?parent=3603"}],"wp:term":[{"taxonomy":"category","embeddable":true,"href":"https:\/\/www.sudoestehoje.com.br\/novoportal\/wp-json\/wp\/v2\/categories?post=3603"},{"taxonomy":"post_tag","embeddable":true,"href":"https:\/\/www.sudoestehoje.com.br\/novoportal\/wp-json\/wp\/v2\/tags?post=3603"}],"curies":[{"name":"wp","href":"https:\/\/api.w.org\/{rel}","templated":true}]}}