
{"id":36021,"date":"2014-04-15T09:18:20","date_gmt":"2014-04-15T12:18:20","guid":{"rendered":"http:\/\/www.sudoestehoje.com.br\/novoportal\/?p=36021"},"modified":"2014-04-15T09:22:10","modified_gmt":"2014-04-15T12:22:10","slug":"prisco-diz-que-governo-desafia-policiais","status":"publish","type":"post","link":"https:\/\/www.sudoestehoje.com.br\/novoportal\/2014\/04\/15\/prisco-diz-que-governo-desafia-policiais\/","title":{"rendered":"PRISCO DIZ QUE GOVERNO DESAFIA POLICIAIS"},"content":{"rendered":"<p><a href=\"http:\/\/www.sudoestehoje.com.br\/novoportal\/wp-content\/uploads\/2014\/04\/greve-pm-crime.jpg\"><img loading=\"lazy\" decoding=\"async\" class=\"aligncenter size-medium wp-image-36024\" alt=\"greve-pm-crime\" src=\"http:\/\/www.sudoestehoje.com.br\/novoportal\/wp-content\/uploads\/2014\/04\/greve-pm-crime-500x281.jpg\" width=\"500\" height=\"281\" srcset=\"https:\/\/www.sudoestehoje.com.br\/novoportal\/wp-content\/uploads\/2014\/04\/greve-pm-crime-500x281.jpg 500w, https:\/\/www.sudoestehoje.com.br\/novoportal\/wp-content\/uploads\/2014\/04\/greve-pm-crime.jpg 597w\" sizes=\"auto, (max-width: 500px) 100vw, 500px\" \/><\/a><\/p>\n<p>Atrav\u00e9s de um v\u00eddeo divulgado em sua conta no Facebook, o ex-soldado da Pol\u00edcia Militar e atual vereador Marco Prisco (PSDB), l\u00edder da greve da PM ocorrida na Bahia entre janeiro e fevereiro de 2012, convoca todos os policiais militares da Bahia e seus familiares para marcarem presen\u00e7a hoje (15), \u00e0s 15h no Wet\u2019n Wild, na Avenida Paralela, onde deve acontecer a Assembleia Geral Conjunta da categoria.<\/p>\n<p>\u201cO governo usa toda a m\u00eddia para mentir e enganar a popula\u00e7\u00e3o e n\u00e3o podemos aceitar isso. O governo est\u00e1 desafiando os policiais militares. Se ele est\u00e1 desafiando o desafio est\u00e1 aceito, governador. Amanh\u00e3, \u00e0s 15h, no Extra da Paralela eu quero ver todo policial militar que se respeita e tem vergonha na cara\u201d, diz o vereador no v\u00eddeo, que vem sendo repassado tamb\u00e9m pelo WhatsApp aos policiais.<\/p>\n<p>Ainda segundo Prisco, que tamb\u00e9m \u00e9 Coordenador-geral da Associa\u00e7\u00e3o de Policiais e Bombeiros e de seus Familiares no Estado da Bahia (Aspra), durante oito meses, a entidade manteve o di\u00e1logo com o governo, mas at\u00e9 o momento as propostas apresentadas pelo Estado n\u00e3o contemplam a classe.<\/p>\n","protected":false},"excerpt":{"rendered":"<p>Atrav\u00e9s de um v\u00eddeo divulgado em sua conta no Facebook, o ex-soldado da Pol\u00edcia Militar e atual vereador Marco Prisco (PSDB), l\u00edder da greve da PM ocorrida na Bahia entre janeiro e fevereiro de 2012, convoca todos os policiais militares da Bahia e seus familiares para marcarem presen\u00e7a hoje (15), \u00e0s 15h no Wet\u2019n Wild, [&hellip;]<\/p>\n","protected":false},"author":2,"featured_media":0,"comment_status":"open","ping_status":"open","sticky":false,"template":"","format":"standard","meta":{"footnotes":"","_links_to":"","_links_to_target":""},"categories":[1],"tags":[],"class_list":["post-36021","post","type-post","status-publish","format-standard","hentry","category-geral"],"views":1167,"_links":{"self":[{"href":"https:\/\/www.sudoestehoje.com.br\/novoportal\/wp-json\/wp\/v2\/posts\/36021","targetHints":{"allow":["GET"]}}],"collection":[{"href":"https:\/\/www.sudoestehoje.com.br\/novoportal\/wp-json\/wp\/v2\/posts"}],"about":[{"href":"https:\/\/www.sudoestehoje.com.br\/novoportal\/wp-json\/wp\/v2\/types\/post"}],"author":[{"embeddable":true,"href":"https:\/\/www.sudoestehoje.com.br\/novoportal\/wp-json\/wp\/v2\/users\/2"}],"replies":[{"embeddable":true,"href":"https:\/\/www.sudoestehoje.com.br\/novoportal\/wp-json\/wp\/v2\/comments?post=36021"}],"version-history":[{"count":3,"href":"https:\/\/www.sudoestehoje.com.br\/novoportal\/wp-json\/wp\/v2\/posts\/36021\/revisions"}],"predecessor-version":[{"id":36025,"href":"https:\/\/www.sudoestehoje.com.br\/novoportal\/wp-json\/wp\/v2\/posts\/36021\/revisions\/36025"}],"wp:attachment":[{"href":"https:\/\/www.sudoestehoje.com.br\/novoportal\/wp-json\/wp\/v2\/media?parent=36021"}],"wp:term":[{"taxonomy":"category","embeddable":true,"href":"https:\/\/www.sudoestehoje.com.br\/novoportal\/wp-json\/wp\/v2\/categories?post=36021"},{"taxonomy":"post_tag","embeddable":true,"href":"https:\/\/www.sudoestehoje.com.br\/novoportal\/wp-json\/wp\/v2\/tags?post=36021"}],"curies":[{"name":"wp","href":"https:\/\/api.w.org\/{rel}","templated":true}]}}