
{"id":36012,"date":"2014-04-14T23:21:55","date_gmt":"2014-04-15T02:21:55","guid":{"rendered":"http:\/\/www.sudoestehoje.com.br\/novoportal\/?p=36012"},"modified":"2014-04-14T23:22:50","modified_gmt":"2014-04-15T02:22:50","slug":"alunos-da-rede-estadual-paralisam-aulas-e-vao-as-ruas-nesta-quarta","status":"publish","type":"post","link":"https:\/\/www.sudoestehoje.com.br\/novoportal\/2014\/04\/14\/alunos-da-rede-estadual-paralisam-aulas-e-vao-as-ruas-nesta-quarta\/","title":{"rendered":"ALUNOS DA REDE ESTADUAL PARALISAM AULAS E V\u00c3O \u00c0S RUAS NESTA QUARTA"},"content":{"rendered":"<p style=\"text-align: center;\"><a href=\"http:\/\/www.sudoestehoje.com.br\/novoportal\/wp-content\/uploads\/2014\/04\/ALUNOS.jpg\"><img decoding=\"async\" class=\"aligncenter  wp-image-36015\" alt=\"ALUNOS\" src=\"http:\/\/www.sudoestehoje.com.br\/novoportal\/wp-content\/uploads\/2014\/04\/ALUNOS.jpg\" width=\"450\" \/><\/a><\/p>\n<p>ITAPETINGA: Os alunos das escolas estaduais de Itapetinga, atrav\u00e9s de uma comiss\u00e3o de estudantes, decidiram paralisar as atividades escolares na pr\u00f3xima quarta-feira (15), nos tr\u00eas turnos, para reivindicarem da Secretaria Estadual de Educa\u00e7\u00e3o, via Direc 14, o cumprimento das suas obriga\u00e7\u00f5es para com os alunos da rede.<\/p>\n<p>A principal reclama\u00e7\u00e3o dos estudantes \u00e9 a falta de Merenda Escolas em todas as escolas da rede estadual no munic\u00edpio, mas h\u00e1 muitas outras reivindica\u00e7\u00f5es. Na quarta-feira pela manh\u00e3, os estudantes das escolas estaduais far\u00e3o um protesto pac\u00edfico pelas principais ruas da cidade. <strong><em>Por Davi Ferraz<\/em><\/strong><\/p>\n<p>Confira o Manifesto dos Estudantes:<!--more--><\/p>\n<p style=\"text-align: center;\"><a href=\"http:\/\/www.sudoestehoje.com.br\/novoportal\/wp-content\/uploads\/2014\/04\/MANIFESTO-ESTUDANTES.jpg\"><img decoding=\"async\" class=\"aligncenter  wp-image-36013\" alt=\"MANIFESTO ESTUDANTES\" src=\"http:\/\/www.sudoestehoje.com.br\/novoportal\/wp-content\/uploads\/2014\/04\/MANIFESTO-ESTUDANTES-357x500.jpg\" width=\"500\" srcset=\"https:\/\/www.sudoestehoje.com.br\/novoportal\/wp-content\/uploads\/2014\/04\/MANIFESTO-ESTUDANTES-357x500.jpg 357w, https:\/\/www.sudoestehoje.com.br\/novoportal\/wp-content\/uploads\/2014\/04\/MANIFESTO-ESTUDANTES-500x700.jpg 500w, https:\/\/www.sudoestehoje.com.br\/novoportal\/wp-content\/uploads\/2014\/04\/MANIFESTO-ESTUDANTES.jpg 515w\" sizes=\"(max-width: 357px) 100vw, 357px\" \/><\/a><\/p>\n","protected":false},"excerpt":{"rendered":"<p>ITAPETINGA: Os alunos das escolas estaduais de Itapetinga, atrav\u00e9s de uma comiss\u00e3o de estudantes, decidiram paralisar as atividades escolares na pr\u00f3xima quarta-feira (15), nos tr\u00eas turnos, para reivindicarem da Secretaria Estadual de Educa\u00e7\u00e3o, via Direc 14, o cumprimento das suas obriga\u00e7\u00f5es para com os alunos da rede. A principal reclama\u00e7\u00e3o dos estudantes \u00e9 a falta [&hellip;]<\/p>\n","protected":false},"author":2,"featured_media":0,"comment_status":"open","ping_status":"open","sticky":false,"template":"","format":"standard","meta":{"footnotes":"","_links_to":"","_links_to_target":""},"categories":[1],"tags":[],"class_list":["post-36012","post","type-post","status-publish","format-standard","hentry","category-geral"],"views":1167,"_links":{"self":[{"href":"https:\/\/www.sudoestehoje.com.br\/novoportal\/wp-json\/wp\/v2\/posts\/36012","targetHints":{"allow":["GET"]}}],"collection":[{"href":"https:\/\/www.sudoestehoje.com.br\/novoportal\/wp-json\/wp\/v2\/posts"}],"about":[{"href":"https:\/\/www.sudoestehoje.com.br\/novoportal\/wp-json\/wp\/v2\/types\/post"}],"author":[{"embeddable":true,"href":"https:\/\/www.sudoestehoje.com.br\/novoportal\/wp-json\/wp\/v2\/users\/2"}],"replies":[{"embeddable":true,"href":"https:\/\/www.sudoestehoje.com.br\/novoportal\/wp-json\/wp\/v2\/comments?post=36012"}],"version-history":[{"count":4,"href":"https:\/\/www.sudoestehoje.com.br\/novoportal\/wp-json\/wp\/v2\/posts\/36012\/revisions"}],"predecessor-version":[{"id":36018,"href":"https:\/\/www.sudoestehoje.com.br\/novoportal\/wp-json\/wp\/v2\/posts\/36012\/revisions\/36018"}],"wp:attachment":[{"href":"https:\/\/www.sudoestehoje.com.br\/novoportal\/wp-json\/wp\/v2\/media?parent=36012"}],"wp:term":[{"taxonomy":"category","embeddable":true,"href":"https:\/\/www.sudoestehoje.com.br\/novoportal\/wp-json\/wp\/v2\/categories?post=36012"},{"taxonomy":"post_tag","embeddable":true,"href":"https:\/\/www.sudoestehoje.com.br\/novoportal\/wp-json\/wp\/v2\/tags?post=36012"}],"curies":[{"name":"wp","href":"https:\/\/api.w.org\/{rel}","templated":true}]}}