
{"id":36007,"date":"2014-04-14T22:26:23","date_gmt":"2014-04-15T01:26:23","guid":{"rendered":"http:\/\/www.sudoestehoje.com.br\/novoportal\/?p=36007"},"modified":"2014-04-14T22:28:47","modified_gmt":"2014-04-15T01:28:47","slug":"uniao-das-oposicoes-e-oficializada","status":"publish","type":"post","link":"https:\/\/www.sudoestehoje.com.br\/novoportal\/2014\/04\/14\/uniao-das-oposicoes-e-oficializada\/","title":{"rendered":"UNI\u00c3O DAS OPOSI\u00c7\u00d5ES \u00c9 OFICIALIZADA"},"content":{"rendered":"<p><a href=\"http:\/\/www.sudoestehoje.com.br\/novoportal\/wp-content\/uploads\/2014\/04\/CHAPA1.jpg\"><img loading=\"lazy\" decoding=\"async\" class=\"aligncenter size-medium wp-image-36008\" alt=\"CHAPA\" src=\"http:\/\/www.sudoestehoje.com.br\/novoportal\/wp-content\/uploads\/2014\/04\/CHAPA1-500x333.jpg\" width=\"500\" height=\"333\" srcset=\"https:\/\/www.sudoestehoje.com.br\/novoportal\/wp-content\/uploads\/2014\/04\/CHAPA1-500x333.jpg 500w, https:\/\/www.sudoestehoje.com.br\/novoportal\/wp-content\/uploads\/2014\/04\/CHAPA1-700x466.jpg 700w, https:\/\/www.sudoestehoje.com.br\/novoportal\/wp-content\/uploads\/2014\/04\/CHAPA1.jpg 960w\" sizes=\"auto, (max-width: 500px) 100vw, 500px\" \/><\/a><\/p>\n<p id=\"yui_3_13_0_1_1397523958280_2814\">Em evento que reuniu mais de mil pessoas, lotando toda a \u00e1rea de conven\u00e7\u00f5es do Sheraton Hotel da Bahia, na manh\u00e3 desta segunda-feira (14)\u00a0, os pr\u00e9-candidatos Paulo Souto (DEM) ao governo, Joaci G\u00f3es (PSDB) a vice e Geddel Vieira Lima (PMDB) ao Senado Federal receberam o apoio dos prefeitos ACM Neto, de Salvador, e Jos\u00e9 Ronaldo, de Feira de Santana, dos deputados federais Jutahy Jr.e L\u00facio Vieira Lima, do ex-prefeito Jo\u00e3o Gualberto, Jos\u00e9 Carlos Aleluia, al\u00e9m de deputados estaduais, vereadores, l\u00edderes e militantes do Democratas, PSDB, PMDB e outros partidos de todo o estado.<\/p>\n<p id=\"yui_3_13_0_1_1397523958280_2862\">O senador A\u00e9cio Neves (PSDB), pr\u00e9-candidato \u00e0 presid\u00eancia da Rep\u00fablica, tamb\u00e9m prestigiou a oficializa\u00e7\u00e3o da unidade das oposi\u00e7\u00f5es baianas. Em discurso, destacou que, com seu gesto de desprendimento em abrir m\u00e3o da candidatura ao governo e integrar a chapa para disputar o Senado, Geddel escrevia seu nome na hist\u00f3ria pol\u00edtica do Brasil.<!--more--><\/p>\n<p id=\"yui_3_13_0_1_1397523958280_2864\">A\u00e9cio afirmou ser Paulo Souto um pr\u00e9-candidato honrado, trabalhador e s\u00e9rio. \u201cA hist\u00f3ria de Paulo Souto \u00e9 conhecida e aplaudida em todo o Brasil\u201d. Lembrou ainda dos tempos em que foi colega de Joaci no Congresso Nacional, durante a Constituinte, para ressaltar a compet\u00eancia do pr\u00e9-candidato a vice.<\/p>\n<p>Ao elogiar a gest\u00e3o do prefeito de Salvador, A\u00e9cio disse que ACM Neto era o mais preparado e completo homem p\u00fablico de sua gera\u00e7\u00e3o. \u201dAgora est\u00e1 servindo a Bahia, mas brevemente estar\u00e1 servindo o Brasil com sua compet\u00eancia\u201d, afirmou numa insinua\u00e7\u00e3o de que o baiano poder\u00e1 brevemente estar na disputa do Pal\u00e1cio do Planalto.<\/p>\n<p id=\"yui_3_13_0_1_1397523958280_2866\">Se referindo ao desprendimento de Geddel, Neto ressatou: \u201cGeddel demonstrou esp\u00edrito p\u00fablico e nos deu uma li\u00e7\u00e3o de desprendimento e desapego ao aceitar disputar o Senado. Coragem e determina\u00e7\u00e3o n\u00e3o faltar\u00e3o a ele para vencer mais esta batalha na qual estaremos juntos. Paulo Souto \u00e9 Geddel! E Geddel \u00e9 Paulo Souto!\u201d, conclamou Neto.<\/p>\n<p id=\"yui_3_13_0_1_1397523958280_2870\">Emocionado Geddel deu voz a sua verve, desconstruindo de sa\u00edda o discurso dos advers\u00e1rios petistas de que venceriam Paulo Souto fazendo compara\u00e7\u00f5es entre os governos. \u201cPara eles, vai ser dif\u00edcil. Para n\u00f3s, ser\u00e1 f\u00e1cil, quando compararmos o governo deles com o deles mesmos, comparando o que se passa na tev\u00ea com o que a gente v\u00ea na realidade\u201d.<\/p>\n","protected":false},"excerpt":{"rendered":"<p>Em evento que reuniu mais de mil pessoas, lotando toda a \u00e1rea de conven\u00e7\u00f5es do Sheraton Hotel da Bahia, na manh\u00e3 desta segunda-feira (14)\u00a0, os pr\u00e9-candidatos Paulo Souto (DEM) ao governo, Joaci G\u00f3es (PSDB) a vice e Geddel Vieira Lima (PMDB) ao Senado Federal receberam o apoio dos prefeitos ACM Neto, de Salvador, e Jos\u00e9 [&hellip;]<\/p>\n","protected":false},"author":2,"featured_media":0,"comment_status":"open","ping_status":"open","sticky":false,"template":"","format":"standard","meta":{"footnotes":"","_links_to":"","_links_to_target":""},"categories":[1],"tags":[],"class_list":["post-36007","post","type-post","status-publish","format-standard","hentry","category-geral"],"views":1196,"_links":{"self":[{"href":"https:\/\/www.sudoestehoje.com.br\/novoportal\/wp-json\/wp\/v2\/posts\/36007","targetHints":{"allow":["GET"]}}],"collection":[{"href":"https:\/\/www.sudoestehoje.com.br\/novoportal\/wp-json\/wp\/v2\/posts"}],"about":[{"href":"https:\/\/www.sudoestehoje.com.br\/novoportal\/wp-json\/wp\/v2\/types\/post"}],"author":[{"embeddable":true,"href":"https:\/\/www.sudoestehoje.com.br\/novoportal\/wp-json\/wp\/v2\/users\/2"}],"replies":[{"embeddable":true,"href":"https:\/\/www.sudoestehoje.com.br\/novoportal\/wp-json\/wp\/v2\/comments?post=36007"}],"version-history":[{"count":3,"href":"https:\/\/www.sudoestehoje.com.br\/novoportal\/wp-json\/wp\/v2\/posts\/36007\/revisions"}],"predecessor-version":[{"id":36011,"href":"https:\/\/www.sudoestehoje.com.br\/novoportal\/wp-json\/wp\/v2\/posts\/36007\/revisions\/36011"}],"wp:attachment":[{"href":"https:\/\/www.sudoestehoje.com.br\/novoportal\/wp-json\/wp\/v2\/media?parent=36007"}],"wp:term":[{"taxonomy":"category","embeddable":true,"href":"https:\/\/www.sudoestehoje.com.br\/novoportal\/wp-json\/wp\/v2\/categories?post=36007"},{"taxonomy":"post_tag","embeddable":true,"href":"https:\/\/www.sudoestehoje.com.br\/novoportal\/wp-json\/wp\/v2\/tags?post=36007"}],"curies":[{"name":"wp","href":"https:\/\/api.w.org\/{rel}","templated":true}]}}