
{"id":360,"date":"2010-08-09T17:15:07","date_gmt":"2010-08-09T20:15:07","guid":{"rendered":"http:\/\/sudoestehoje.tempsite.ws\/novoportal\/?p=360"},"modified":"2010-09-18T14:59:55","modified_gmt":"2010-09-18T17:59:55","slug":"perfil-do-candidato-sandro-regis-pr","status":"publish","type":"post","link":"https:\/\/www.sudoestehoje.com.br\/novoportal\/2010\/08\/09\/perfil-do-candidato-sandro-regis-pr\/","title":{"rendered":"PERFIL DO CANDIDATO: SANDRO REGIS (PR)"},"content":{"rendered":"<div style=\"text-align: center;\"><img decoding=\"async\" src=\"http:\/\/www.politicosdosuldabahia.com.br\/v1\/wp-content\/uploads\/sandroRegis01.jpg\" border=\"0\" alt=\"\" \/><\/div>\n<div style=\"text-align: center;\">SANDRO R\u00c9GIS, CANDIDATO A DEPUTADO ESTADUAL PELO PR<\/div>\n<p><span style=\"text-decoration: underline;\">PERFIL<\/span><\/p>\n<p>Batizado  com o nome Sandro de Oliveira R\u00e9gis este parlamentar nasceu no dia 22  de dezembro de 1972 na cidade de Salvador-BA.\u00a0Casou-se com Polyana  Ribeiro Pinheiro R\u00e9gis com quem tem uma filha, Vict\u00f3ria Pinheiro R\u00e9gis. Formou-se  em Direito pela Universidade Cat\u00f3lica de Salvador em 1999, seguindo  para a Internacional Business University of Berkeley nos EUA em 2001,  onde fez p\u00f3s-gradua\u00e7\u00e3o. Atualmente Sandro continua seus estudos de MBA (Master Business Administration) na Funda\u00e7\u00e3o Get\u00falio Vargas.<\/p>\n<p>Ap\u00f3s  atuar como diretor administrativo da Consultoria Financeira e Comercial  (CFC) no per\u00edodo de 2001 a 2002, R\u00e9gis decidiu seguir sua verdadeira  voca\u00e7\u00e3o e candidatou-se para deputado pelo estado da Bahia em 2002.  Venceu o pleito e exerceu atividades como deputado estadual pelo Partido  Liberal (PL) durante o per\u00edodo de 2003 \u00e0 2007, sendo reeleito,  permanecendo em atividade de 2007 \u00e0 2011.<\/p>\n<p>Atuante,  esse parlamentar ganhou destaque dentro da Casa Legislativa, o que lhe  rendeu cargos importantes como a de Vice-l\u00edder da Maioria, durante 2005 a  2008. Dentre as atividades exercidas por esse jovem parlamentar,  destacam-se a de vice-presidente da Comiss\u00e3o de Prote\u00e7\u00e3o ao Meio  Ambiente (2003-2006); titular das Comiss\u00f5es: Educa\u00e7\u00e3o, Esportes e  Servi\u00e7o P\u00fablico (ago.\/nov.2004), Desenvolvimento Econ\u00f4mico e Turismo  (2003-2006), Defesa ao Consumidor (2003-2006), Especial do Cacau  (2003-2006), Especial de Divis\u00e3o Territorial (2003\/fev.2005), Especial  para Assuntos da Comunidade Afrodescendentes (2005-2006), CPI do Cacau  (2006), e suplente e v\u00e1rias outras comiss\u00f5es da Assemb\u00e9ia legislativa.  (Dados fornecidos pelo candidato)<\/p>\n<p><span style=\"text-decoration: underline;\">COMENT\u00c1RIOS DO SITE<\/span><\/p>\n<p>Ligado  politicamente ao ex-governador Paulo Souto, Sandro Regis (PR)\u00a0atuou na  oposi\u00e7\u00e3o, neste\u00a0atual mandato. Em Itapetinga conta com o apoio de  pol\u00edticos atuantes do DEM, como a vereadora Naara Duarte e o m\u00e9dico  Arnaldo Teixeira, ambos postulantes a v\u00f4os mais altos na pol\u00edtica  local.\u00a0Suas chances\u00a0de reelei\u00e7\u00e3o s\u00e3o\u00a0grandes, podendo\u00a0obter uma vota\u00e7\u00e3o  surpreendente em Itapetinga, principalmente em raz\u00e3o do v\u00e1cuo pol\u00edtico  deixado pelos\u00a0chamados &#8220;candidatos da terra&#8221;.\u00a0Sua\u00a0base de apoio local  est\u00e1 ciente disto e promete &#8220;arrega\u00e7ar as mangas&#8221; para dar\u00a0uma vota\u00e7\u00e3o  expressiva ao candidato.<\/p>\n<p>PALPITE DO BLOGUEIRO:\u00a0Sandro Regis deve obter vota\u00e7\u00e3o superior a\u00a02.500 votos em Itapetinga.<\/p>\n","protected":false},"excerpt":{"rendered":"<p>SANDRO R\u00c9GIS, CANDIDATO A DEPUTADO ESTADUAL PELO PR PERFIL Batizado com o nome Sandro de Oliveira R\u00e9gis este parlamentar nasceu no dia 22 de dezembro de 1972 na cidade de Salvador-BA.\u00a0Casou-se com Polyana Ribeiro Pinheiro R\u00e9gis com quem tem uma filha, Vict\u00f3ria Pinheiro R\u00e9gis. Formou-se em Direito pela Universidade Cat\u00f3lica de Salvador em 1999, seguindo [&hellip;]<\/p>\n","protected":false},"author":1,"featured_media":0,"comment_status":"open","ping_status":"open","sticky":false,"template":"","format":"standard","meta":{"footnotes":"","_links_to":"","_links_to_target":""},"categories":[16,4],"tags":[],"class_list":["post-360","post","type-post","status-publish","format-standard","hentry","category-perfil","category-politica"],"views":1400,"_links":{"self":[{"href":"https:\/\/www.sudoestehoje.com.br\/novoportal\/wp-json\/wp\/v2\/posts\/360","targetHints":{"allow":["GET"]}}],"collection":[{"href":"https:\/\/www.sudoestehoje.com.br\/novoportal\/wp-json\/wp\/v2\/posts"}],"about":[{"href":"https:\/\/www.sudoestehoje.com.br\/novoportal\/wp-json\/wp\/v2\/types\/post"}],"author":[{"embeddable":true,"href":"https:\/\/www.sudoestehoje.com.br\/novoportal\/wp-json\/wp\/v2\/users\/1"}],"replies":[{"embeddable":true,"href":"https:\/\/www.sudoestehoje.com.br\/novoportal\/wp-json\/wp\/v2\/comments?post=360"}],"version-history":[{"count":1,"href":"https:\/\/www.sudoestehoje.com.br\/novoportal\/wp-json\/wp\/v2\/posts\/360\/revisions"}],"predecessor-version":[{"id":361,"href":"https:\/\/www.sudoestehoje.com.br\/novoportal\/wp-json\/wp\/v2\/posts\/360\/revisions\/361"}],"wp:attachment":[{"href":"https:\/\/www.sudoestehoje.com.br\/novoportal\/wp-json\/wp\/v2\/media?parent=360"}],"wp:term":[{"taxonomy":"category","embeddable":true,"href":"https:\/\/www.sudoestehoje.com.br\/novoportal\/wp-json\/wp\/v2\/categories?post=360"},{"taxonomy":"post_tag","embeddable":true,"href":"https:\/\/www.sudoestehoje.com.br\/novoportal\/wp-json\/wp\/v2\/tags?post=360"}],"curies":[{"name":"wp","href":"https:\/\/api.w.org\/{rel}","templated":true}]}}