
{"id":35969,"date":"2014-04-14T01:22:50","date_gmt":"2014-04-14T04:22:50","guid":{"rendered":"http:\/\/www.sudoestehoje.com.br\/novoportal\/?p=35969"},"modified":"2014-04-14T01:22:36","modified_gmt":"2014-04-14T04:22:36","slug":"fundacao-jose-silveira-realiza-feira-de-saude-em-bandeira-do-colonia","status":"publish","type":"post","link":"https:\/\/www.sudoestehoje.com.br\/novoportal\/2014\/04\/14\/fundacao-jose-silveira-realiza-feira-de-saude-em-bandeira-do-colonia\/","title":{"rendered":"FUNDA\u00c7\u00c3O JOS\u00c9 SILVEIRA REALIZA FEIRA DE SA\u00daDE EM BANDEIRA DO COL\u00d4NIA"},"content":{"rendered":"<p><a href=\"http:\/\/www.sudoestehoje.com.br\/novoportal\/wp-content\/uploads\/2014\/04\/foto-5.jpg\"><img loading=\"lazy\" decoding=\"async\" class=\"aligncenter size-medium wp-image-35970\" alt=\"foto (5)\" src=\"http:\/\/www.sudoestehoje.com.br\/novoportal\/wp-content\/uploads\/2014\/04\/foto-5-500x375.jpg\" width=\"500\" height=\"375\" srcset=\"https:\/\/www.sudoestehoje.com.br\/novoportal\/wp-content\/uploads\/2014\/04\/foto-5-500x375.jpg 500w, https:\/\/www.sudoestehoje.com.br\/novoportal\/wp-content\/uploads\/2014\/04\/foto-5.jpg 640w\" sizes=\"auto, (max-width: 500px) 100vw, 500px\" \/><\/a><\/p>\n<p>Nos dias\u00a012 e 13 de abril (s\u00e1bado e domingo), a Funda\u00e7\u00e3o Jos\u00e9 Silveira (FJS) disponibilizou\u00a0quatro Unidades M\u00f3veis\u00a0de Sa\u00fade e equipe multidisciplinar, para atender a popula\u00e7\u00e3o do distrito de Bandeira do Col\u00f4nia,\u00a0pertencente ao munic\u00edpio de Itapetinga.<\/p>\n<p>A a\u00e7\u00e3o faz parte das Feiras de Sa\u00fade da FJS, \u00a0que promovem procedimentos, atendimentos m\u00e9dicos e a\u00e7\u00f5es complementares de sa\u00fade, por todo o \u00a0interior do estado.<\/p>\n<p><a href=\"http:\/\/www.sudoestehoje.com.br\/novoportal\/wp-content\/uploads\/2014\/04\/foto-4.jpg\"><img loading=\"lazy\" decoding=\"async\" class=\"aligncenter size-medium wp-image-35971\" alt=\"foto (4)\" src=\"http:\/\/www.sudoestehoje.com.br\/novoportal\/wp-content\/uploads\/2014\/04\/foto-4-500x375.jpg\" width=\"500\" height=\"375\" srcset=\"https:\/\/www.sudoestehoje.com.br\/novoportal\/wp-content\/uploads\/2014\/04\/foto-4-500x375.jpg 500w, https:\/\/www.sudoestehoje.com.br\/novoportal\/wp-content\/uploads\/2014\/04\/foto-4.jpg 640w\" sizes=\"auto, (max-width: 500px) 100vw, 500px\" \/><\/a><\/p>\n<p>A rela\u00e7\u00e3o entre a FJS e a cidade de Itapetinga se estreitou ap\u00f3s a\u00a0gest\u00e3o do Hospital Cristo Redentor passar para a\u00a0Institui\u00e7\u00e3o, em julho do ano passado.<\/p>\n<p>O Coordenador da Funda\u00e7\u00e3o em Itapetinga Leonardo Matos, presente no Bandeira, disse que continuar\u00e1\u00a0buscando ampliar os atendimentos e a melhoria da sa\u00fade na regi\u00e3o, atrav\u00e9s da FJS, e anunciou a realiza\u00e7\u00e3o da feira de sa\u00fade em Igua\u00ed, na quarta e na quinta-feira pr\u00f3xima.A equipe da Funda\u00e7\u00e3o \u00e9 formada por m\u00e9dicos, nutricionista, dentista, t\u00e9cnicas de enfermagem e\u00a0pessoal de apoio. Ascom<\/p>\n","protected":false},"excerpt":{"rendered":"<p>Nos dias\u00a012 e 13 de abril (s\u00e1bado e domingo), a Funda\u00e7\u00e3o Jos\u00e9 Silveira (FJS) disponibilizou\u00a0quatro Unidades M\u00f3veis\u00a0de Sa\u00fade e equipe multidisciplinar, para atender a popula\u00e7\u00e3o do distrito de Bandeira do Col\u00f4nia,\u00a0pertencente ao munic\u00edpio de Itapetinga. A a\u00e7\u00e3o faz parte das Feiras de Sa\u00fade da FJS, \u00a0que promovem procedimentos, atendimentos m\u00e9dicos e a\u00e7\u00f5es complementares de sa\u00fade, [&hellip;]<\/p>\n","protected":false},"author":2,"featured_media":0,"comment_status":"open","ping_status":"open","sticky":false,"template":"","format":"standard","meta":{"footnotes":"","_links_to":"","_links_to_target":""},"categories":[1],"tags":[],"class_list":["post-35969","post","type-post","status-publish","format-standard","hentry","category-geral"],"views":1323,"_links":{"self":[{"href":"https:\/\/www.sudoestehoje.com.br\/novoportal\/wp-json\/wp\/v2\/posts\/35969","targetHints":{"allow":["GET"]}}],"collection":[{"href":"https:\/\/www.sudoestehoje.com.br\/novoportal\/wp-json\/wp\/v2\/posts"}],"about":[{"href":"https:\/\/www.sudoestehoje.com.br\/novoportal\/wp-json\/wp\/v2\/types\/post"}],"author":[{"embeddable":true,"href":"https:\/\/www.sudoestehoje.com.br\/novoportal\/wp-json\/wp\/v2\/users\/2"}],"replies":[{"embeddable":true,"href":"https:\/\/www.sudoestehoje.com.br\/novoportal\/wp-json\/wp\/v2\/comments?post=35969"}],"version-history":[{"count":2,"href":"https:\/\/www.sudoestehoje.com.br\/novoportal\/wp-json\/wp\/v2\/posts\/35969\/revisions"}],"predecessor-version":[{"id":36000,"href":"https:\/\/www.sudoestehoje.com.br\/novoportal\/wp-json\/wp\/v2\/posts\/35969\/revisions\/36000"}],"wp:attachment":[{"href":"https:\/\/www.sudoestehoje.com.br\/novoportal\/wp-json\/wp\/v2\/media?parent=35969"}],"wp:term":[{"taxonomy":"category","embeddable":true,"href":"https:\/\/www.sudoestehoje.com.br\/novoportal\/wp-json\/wp\/v2\/categories?post=35969"},{"taxonomy":"post_tag","embeddable":true,"href":"https:\/\/www.sudoestehoje.com.br\/novoportal\/wp-json\/wp\/v2\/tags?post=35969"}],"curies":[{"name":"wp","href":"https:\/\/api.w.org\/{rel}","templated":true}]}}