
{"id":35963,"date":"2014-04-13T21:52:34","date_gmt":"2014-04-14T00:52:34","guid":{"rendered":"http:\/\/www.sudoestehoje.com.br\/novoportal\/?p=35963"},"modified":"2014-04-13T21:52:34","modified_gmt":"2014-04-14T00:52:34","slug":"ator-diz-que-lula-abandonou-dirceu","status":"publish","type":"post","link":"https:\/\/www.sudoestehoje.com.br\/novoportal\/2014\/04\/13\/ator-diz-que-lula-abandonou-dirceu\/","title":{"rendered":"ATOR DIZ QUE LULA ABANDONOU DIRCEU"},"content":{"rendered":"<p><a href=\"http:\/\/www.sudoestehoje.com.br\/novoportal\/wp-content\/uploads\/2014\/04\/Jos\u00e9-de-Abreu-foto-divulga\u00e7\u00e3o.jpg\"><img loading=\"lazy\" decoding=\"async\" class=\"aligncenter size-full wp-image-35964\" alt=\"Jos\u00e9-de-Abreu-foto-divulga\u00e7\u00e3o\" src=\"http:\/\/www.sudoestehoje.com.br\/novoportal\/wp-content\/uploads\/2014\/04\/Jos\u00e9-de-Abreu-foto-divulga\u00e7\u00e3o.jpg\" width=\"500\" height=\"375\" \/><\/a><\/p>\n<p>O ator Jos\u00e9 de Abreu disse que a situa\u00e7\u00e3o do ex-ministro Jos\u00e9 Dirceu, condenado no processo do Mensal\u00e3o, \u00e9 \u201cp\u00e9ssima, a pior poss\u00edvel\u201d. O ator que interpretou Ernest em Joia Rara (Globo) iniciou campanha no Twitter e pede que o ex-presidente Lula saia em defesa do ex-ministro.<\/p>\n<p>Ao lembrar da condena\u00e7\u00e3o de Dirceu em regime semiaberto e que o ex-ministro cumpre pena em regime fechado h\u00e1 cinco meses, Abreu afirma que Dirceu est\u00e1 \u201cliteralmente abandonado\u201d.<\/p>\n<p style=\"text-align: center;\"><img decoding=\"async\" class=\"aligncenter\" alt=\"Tuitada de Abreu convocando Lula e presidente (Reprodu\u00e7\u00e3o Pimenta).\" src=\"http:\/\/www.pimenta.blog.br\/wp-content\/uploads\/z%C3%A9-de-abreu-twitter.jpg\" width=\"500\" \/><\/p>\n<p><em>&#8220;Temos que EXIGIR de LULA uma postura condizente com o que Dirceu significou para ele&#8221;<\/em>, escreveu o ator em seu perfil no microblog.<\/p>\n<p>Jos\u00e9 de Abreu vai al\u00e9m e questiona: <em>\u201cComo confiar num l\u00edder [Lula] que abandona seu companheiro numa pris\u00e3o injusta? Lula tem que se manifestar urgentemente!\u201d.<\/em><\/p>\n<p>O ex-ministro Jos\u00e9 Dirceu, da Casa Civil, foi preso no final do ano passado, ap\u00f3s condena\u00e7\u00e3o no Supremo Tribunal Federal. O l\u00edder do PT foi condenado na A\u00e7\u00e3o Penal 470 a cumprir pena em regime semiaberto. Pimenta<\/p>\n","protected":false},"excerpt":{"rendered":"<p>O ator Jos\u00e9 de Abreu disse que a situa\u00e7\u00e3o do ex-ministro Jos\u00e9 Dirceu, condenado no processo do Mensal\u00e3o, \u00e9 \u201cp\u00e9ssima, a pior poss\u00edvel\u201d. O ator que interpretou Ernest em Joia Rara (Globo) iniciou campanha no Twitter e pede que o ex-presidente Lula saia em defesa do ex-ministro. Ao lembrar da condena\u00e7\u00e3o de Dirceu em regime [&hellip;]<\/p>\n","protected":false},"author":2,"featured_media":0,"comment_status":"open","ping_status":"open","sticky":false,"template":"","format":"standard","meta":{"footnotes":"","_links_to":"","_links_to_target":""},"categories":[1],"tags":[],"class_list":["post-35963","post","type-post","status-publish","format-standard","hentry","category-geral"],"views":1344,"_links":{"self":[{"href":"https:\/\/www.sudoestehoje.com.br\/novoportal\/wp-json\/wp\/v2\/posts\/35963","targetHints":{"allow":["GET"]}}],"collection":[{"href":"https:\/\/www.sudoestehoje.com.br\/novoportal\/wp-json\/wp\/v2\/posts"}],"about":[{"href":"https:\/\/www.sudoestehoje.com.br\/novoportal\/wp-json\/wp\/v2\/types\/post"}],"author":[{"embeddable":true,"href":"https:\/\/www.sudoestehoje.com.br\/novoportal\/wp-json\/wp\/v2\/users\/2"}],"replies":[{"embeddable":true,"href":"https:\/\/www.sudoestehoje.com.br\/novoportal\/wp-json\/wp\/v2\/comments?post=35963"}],"version-history":[{"count":2,"href":"https:\/\/www.sudoestehoje.com.br\/novoportal\/wp-json\/wp\/v2\/posts\/35963\/revisions"}],"predecessor-version":[{"id":35966,"href":"https:\/\/www.sudoestehoje.com.br\/novoportal\/wp-json\/wp\/v2\/posts\/35963\/revisions\/35966"}],"wp:attachment":[{"href":"https:\/\/www.sudoestehoje.com.br\/novoportal\/wp-json\/wp\/v2\/media?parent=35963"}],"wp:term":[{"taxonomy":"category","embeddable":true,"href":"https:\/\/www.sudoestehoje.com.br\/novoportal\/wp-json\/wp\/v2\/categories?post=35963"},{"taxonomy":"post_tag","embeddable":true,"href":"https:\/\/www.sudoestehoje.com.br\/novoportal\/wp-json\/wp\/v2\/tags?post=35963"}],"curies":[{"name":"wp","href":"https:\/\/api.w.org\/{rel}","templated":true}]}}