
{"id":3596,"date":"2011-02-23T16:35:28","date_gmt":"2011-02-23T19:35:28","guid":{"rendered":"http:\/\/www.sudoestehoje.com.br\/novoportal\/?p=3596"},"modified":"2011-02-23T16:35:28","modified_gmt":"2011-02-23T19:35:28","slug":"lula-e-processado-por-improbidade","status":"publish","type":"post","link":"https:\/\/www.sudoestehoje.com.br\/novoportal\/2011\/02\/23\/lula-e-processado-por-improbidade\/","title":{"rendered":"LULA \u00c9 PROCESSADO POR IMPROBIDADE"},"content":{"rendered":"<p style=\"text-align: center;\"><img decoding=\"async\" class=\"aligncenter\" src=\"http:\/\/www.bahianoticias.com.br\/fotos\/editor\/Image\/lula.jpg\" alt=\"\" \/><\/p>\n<p style=\"text-align: center;\"><em><strong>Lula jurou que n\u00e3o sabia do &#8216;mensal\u00e3o&#8217;<\/strong><\/em><\/p>\n<p>\u00a0<\/p>\n<p>O ex-presidente Lula e o ex-ministro da Previd\u00eancia Amir Lando respondem processo por improbidade administrativa na Justi\u00e7a Federal por terem supostamente utilizado a m\u00e1quina p\u00fablica para realizar promo\u00e7\u00e3o pessoal e favorecer o banco BMG, envolvido no esquema do mensal\u00e3o. Segundo o Minist\u00e9rio P\u00fablico Federal, entre outubro e dezembro de 2004 mais de 10,6 milh\u00f5es de cartas, contendo propaganda de empr\u00e9stimos consignados com taxas de juros reduzidas, foram enviadas aos segurados do INSS com dinheiro p\u00fablico. Foram gastos cerca de R$ 9,5 milh\u00f5es com impress\u00e3o e envio. O MPF pede que os bens e o patrim\u00f4nio de Lula sejam congelados at\u00e9 a decis\u00e3o da Justi\u00e7a \u2013 o processo pede que o valor gasto seja integralmente devolvido aos cofres p\u00fablicos. Informa\u00e7\u00f5es da <em><strong>Folha de S. Paulo.<\/strong><\/em><\/p>\n","protected":false},"excerpt":{"rendered":"<p>Lula jurou que n\u00e3o sabia do &#8216;mensal\u00e3o&#8217; \u00a0 O ex-presidente Lula e o ex-ministro da Previd\u00eancia Amir Lando respondem processo por improbidade administrativa na Justi\u00e7a Federal por terem supostamente utilizado a m\u00e1quina p\u00fablica para realizar promo\u00e7\u00e3o pessoal e favorecer o banco BMG, envolvido no esquema do mensal\u00e3o. Segundo o Minist\u00e9rio P\u00fablico Federal, entre outubro e [&hellip;]<\/p>\n","protected":false},"author":2,"featured_media":0,"comment_status":"open","ping_status":"open","sticky":false,"template":"","format":"standard","meta":{"footnotes":"","_links_to":"","_links_to_target":""},"categories":[1],"tags":[],"class_list":["post-3596","post","type-post","status-publish","format-standard","hentry","category-geral"],"views":1383,"_links":{"self":[{"href":"https:\/\/www.sudoestehoje.com.br\/novoportal\/wp-json\/wp\/v2\/posts\/3596","targetHints":{"allow":["GET"]}}],"collection":[{"href":"https:\/\/www.sudoestehoje.com.br\/novoportal\/wp-json\/wp\/v2\/posts"}],"about":[{"href":"https:\/\/www.sudoestehoje.com.br\/novoportal\/wp-json\/wp\/v2\/types\/post"}],"author":[{"embeddable":true,"href":"https:\/\/www.sudoestehoje.com.br\/novoportal\/wp-json\/wp\/v2\/users\/2"}],"replies":[{"embeddable":true,"href":"https:\/\/www.sudoestehoje.com.br\/novoportal\/wp-json\/wp\/v2\/comments?post=3596"}],"version-history":[{"count":2,"href":"https:\/\/www.sudoestehoje.com.br\/novoportal\/wp-json\/wp\/v2\/posts\/3596\/revisions"}],"predecessor-version":[{"id":3598,"href":"https:\/\/www.sudoestehoje.com.br\/novoportal\/wp-json\/wp\/v2\/posts\/3596\/revisions\/3598"}],"wp:attachment":[{"href":"https:\/\/www.sudoestehoje.com.br\/novoportal\/wp-json\/wp\/v2\/media?parent=3596"}],"wp:term":[{"taxonomy":"category","embeddable":true,"href":"https:\/\/www.sudoestehoje.com.br\/novoportal\/wp-json\/wp\/v2\/categories?post=3596"},{"taxonomy":"post_tag","embeddable":true,"href":"https:\/\/www.sudoestehoje.com.br\/novoportal\/wp-json\/wp\/v2\/tags?post=3596"}],"curies":[{"name":"wp","href":"https:\/\/api.w.org\/{rel}","templated":true}]}}