
{"id":35951,"date":"2014-04-13T11:40:15","date_gmt":"2014-04-13T14:40:15","guid":{"rendered":"http:\/\/www.sudoestehoje.com.br\/novoportal\/?p=35951"},"modified":"2014-04-13T11:59:53","modified_gmt":"2014-04-13T14:59:53","slug":"radialista-de-jequie-morrem-em-capotamento-de-veiculo-na-br-330","status":"publish","type":"post","link":"https:\/\/www.sudoestehoje.com.br\/novoportal\/2014\/04\/13\/radialista-de-jequie-morrem-em-capotamento-de-veiculo-na-br-330\/","title":{"rendered":"RADIALISTA DE JEQUI\u00c9 MORRE EM CAPOTAMENTO DE VE\u00cdCULO NA BR-330"},"content":{"rendered":"<p style=\"text-align: center;\"><img decoding=\"async\" class=\"alignleft\" alt=\"RADIALISTA\" src=\"http:\/\/www.sudoestehoje.com.br\/novoportal\/wp-content\/uploads\/2014\/04\/RADIALISTA.jpg\" \/><\/p>\n<p>Um ve\u00edculo que transportava tr\u00eas pessoas que fazem parte da equipe de esportes da R\u00e1dio 93 FM, de Jequi\u00e9, capotou numa curva na BR-330, a 12 km de Ipia\u00fa, na noite deste s\u00e1bado (12), por volta das 20h30. O motorista e comentarista esportivo, Osvaldo Cerezo, de aproximadamente 60 anos de idade, morreu no local.<\/p>\n<p>Segundo o site Giro em Ipia\u00fa, Osvaldo era o \u00fanico que n\u00e3o estava com o sinto de seguran\u00e7a, enquanto que os outros dois ocupantes, o radialista Osvaldo Batista e o operador t\u00e9cnico, S\u00e9rgio Murilo Jesus Abrel, sofreram ferimentos considerados leves e foram socorridos por uma equipe do Samu e encaminhados para o Hospital Prado Valadares, em Jequi\u00e9.<\/p>\n<p style=\"text-align: center;\"><a href=\"http:\/\/www.sudoestehoje.com.br\/novoportal\/wp-content\/uploads\/2014\/04\/carro-capotado-480x320.jpg\"><img decoding=\"async\" class=\"aligncenter  wp-image-35952\" alt=\"carro-capotado-480x320\" src=\"http:\/\/www.sudoestehoje.com.br\/novoportal\/wp-content\/uploads\/2014\/04\/carro-capotado-480x320.jpg\" width=\"500\" \/><\/a><\/p>\n<p>A equipe da r\u00e1dio 93 retornava da cidade de Ilh\u00e9us, onde transmitiu uma partida de futebol, quando o carro capotou e caiu de uma altura de cerca de seis metros.<\/p>\n","protected":false},"excerpt":{"rendered":"<p>Um ve\u00edculo que transportava tr\u00eas pessoas que fazem parte da equipe de esportes da R\u00e1dio 93 FM, de Jequi\u00e9, capotou numa curva na BR-330, a 12 km de Ipia\u00fa, na noite deste s\u00e1bado (12), por volta das 20h30. O motorista e comentarista esportivo, Osvaldo Cerezo, de aproximadamente 60 anos de idade, morreu no local. Segundo [&hellip;]<\/p>\n","protected":false},"author":2,"featured_media":0,"comment_status":"open","ping_status":"open","sticky":false,"template":"","format":"standard","meta":{"footnotes":"","_links_to":"","_links_to_target":""},"categories":[1],"tags":[],"class_list":["post-35951","post","type-post","status-publish","format-standard","hentry","category-geral"],"views":3047,"_links":{"self":[{"href":"https:\/\/www.sudoestehoje.com.br\/novoportal\/wp-json\/wp\/v2\/posts\/35951","targetHints":{"allow":["GET"]}}],"collection":[{"href":"https:\/\/www.sudoestehoje.com.br\/novoportal\/wp-json\/wp\/v2\/posts"}],"about":[{"href":"https:\/\/www.sudoestehoje.com.br\/novoportal\/wp-json\/wp\/v2\/types\/post"}],"author":[{"embeddable":true,"href":"https:\/\/www.sudoestehoje.com.br\/novoportal\/wp-json\/wp\/v2\/users\/2"}],"replies":[{"embeddable":true,"href":"https:\/\/www.sudoestehoje.com.br\/novoportal\/wp-json\/wp\/v2\/comments?post=35951"}],"version-history":[{"count":3,"href":"https:\/\/www.sudoestehoje.com.br\/novoportal\/wp-json\/wp\/v2\/posts\/35951\/revisions"}],"predecessor-version":[{"id":35956,"href":"https:\/\/www.sudoestehoje.com.br\/novoportal\/wp-json\/wp\/v2\/posts\/35951\/revisions\/35956"}],"wp:attachment":[{"href":"https:\/\/www.sudoestehoje.com.br\/novoportal\/wp-json\/wp\/v2\/media?parent=35951"}],"wp:term":[{"taxonomy":"category","embeddable":true,"href":"https:\/\/www.sudoestehoje.com.br\/novoportal\/wp-json\/wp\/v2\/categories?post=35951"},{"taxonomy":"post_tag","embeddable":true,"href":"https:\/\/www.sudoestehoje.com.br\/novoportal\/wp-json\/wp\/v2\/tags?post=35951"}],"curies":[{"name":"wp","href":"https:\/\/api.w.org\/{rel}","templated":true}]}}