
{"id":35946,"date":"2014-04-13T10:54:59","date_gmt":"2014-04-13T13:54:59","guid":{"rendered":"http:\/\/www.sudoestehoje.com.br\/novoportal\/?p=35946"},"modified":"2014-04-13T10:54:59","modified_gmt":"2014-04-13T13:54:59","slug":"com-chapao-oposicoes-deverao-eleger-13-deputados-federais","status":"publish","type":"post","link":"https:\/\/www.sudoestehoje.com.br\/novoportal\/2014\/04\/13\/com-chapao-oposicoes-deverao-eleger-13-deputados-federais\/","title":{"rendered":"COM CHAP\u00c3O, OPOSI\u00c7\u00d5ES DEVER\u00c3O ELEGER 13 DEPUTADOS FEDERAIS"},"content":{"rendered":"<p>&nbsp;<\/p>\n<div id=\"attachment_35947\" style=\"width: 510px\" class=\"wp-caption aligncenter\"><a href=\"http:\/\/www.sudoestehoje.com.br\/novoportal\/wp-content\/uploads\/2014\/04\/federais.jpg\"><img loading=\"lazy\" decoding=\"async\" aria-describedby=\"caption-attachment-35947\" class=\"size-medium wp-image-35947\" alt=\"Ju\" src=\"http:\/\/www.sudoestehoje.com.br\/novoportal\/wp-content\/uploads\/2014\/04\/federais-500x271.jpg\" width=\"500\" height=\"271\" srcset=\"https:\/\/www.sudoestehoje.com.br\/novoportal\/wp-content\/uploads\/2014\/04\/federais-500x271.jpg 500w, https:\/\/www.sudoestehoje.com.br\/novoportal\/wp-content\/uploads\/2014\/04\/federais.jpg 590w\" sizes=\"auto, (max-width: 500px) 100vw, 500px\" \/><\/a><p id=\"caption-attachment-35947\" class=\"wp-caption-text\">Jutahy, Imbassahy e L\u00facio \u00a0dever\u00e3o ser os campe\u00f5es de votos dos partidos de oposi\u00e7\u00e3o.<\/p><\/div>\n<p>Com a decis\u00e3o do ex-prefeito de Mata de S\u00e3o Jo\u00e3o, Jo\u00e3o Gualberto, de se candidatar a deputado federal, o PSDB ter\u00e1 mais um forte candidato, que tem tudo para ficar entre os mais votados, ao lado dos atuais deputados federais tucanos Jutahy Magalh\u00e3es e Antonio Imbassahy.<\/p>\n<p>A avalia\u00e7\u00e3o pol\u00edtica geral \u00e9 de que, se fecharem um chap\u00e3o para disputar as elei\u00e7\u00f5es proporcionais, as oposi\u00e7\u00f5es dever\u00e3o eleger pelo menos 13 deputados federais. Est\u00e3o entre os nomes mais fortes do grupo o deputado federal L\u00facio Vieira Lima, do PMDB, e os tucanos Jutahy Magalh\u00e3es e Antonio Imbassahy.<\/p>\n<p>O chap\u00e3o reuniria DEM, PSDB, PMDB, PTN, PSC e PROS. No DEM, s\u00e3o dados como eleitos Jos\u00e9 Carlos Aleluia, Cl\u00e1udio Cajado, Paulo Azi, Elmar Nascimento e Jos\u00e9 Chico, no PROS, Maur\u00edcio Trindade, no PTN, Jo\u00e3o Carlos Bacelar, no PMDB, al\u00e9m de L\u00facio, Colbert Martins Filho, e no PSC, Erivelto Santana.<\/p>\n<p>N\u00e3o se sabe se o PPS e o PV integrar\u00e3o o chap\u00e3o.\u00a0O Solidariedade, que namora com o governo estadual, tamb\u00e9m pode aderir \u00e0s oposi\u00e7\u00f5es e eventualmente ser agregado ao chap\u00e3o.<\/p>\n","protected":false},"excerpt":{"rendered":"<p>&nbsp; Com a decis\u00e3o do ex-prefeito de Mata de S\u00e3o Jo\u00e3o, Jo\u00e3o Gualberto, de se candidatar a deputado federal, o PSDB ter\u00e1 mais um forte candidato, que tem tudo para ficar entre os mais votados, ao lado dos atuais deputados federais tucanos Jutahy Magalh\u00e3es e Antonio Imbassahy. A avalia\u00e7\u00e3o pol\u00edtica geral \u00e9 de que, se [&hellip;]<\/p>\n","protected":false},"author":2,"featured_media":0,"comment_status":"open","ping_status":"open","sticky":false,"template":"","format":"standard","meta":{"footnotes":"","_links_to":"","_links_to_target":""},"categories":[1],"tags":[],"class_list":["post-35946","post","type-post","status-publish","format-standard","hentry","category-geral"],"views":1219,"_links":{"self":[{"href":"https:\/\/www.sudoestehoje.com.br\/novoportal\/wp-json\/wp\/v2\/posts\/35946","targetHints":{"allow":["GET"]}}],"collection":[{"href":"https:\/\/www.sudoestehoje.com.br\/novoportal\/wp-json\/wp\/v2\/posts"}],"about":[{"href":"https:\/\/www.sudoestehoje.com.br\/novoportal\/wp-json\/wp\/v2\/types\/post"}],"author":[{"embeddable":true,"href":"https:\/\/www.sudoestehoje.com.br\/novoportal\/wp-json\/wp\/v2\/users\/2"}],"replies":[{"embeddable":true,"href":"https:\/\/www.sudoestehoje.com.br\/novoportal\/wp-json\/wp\/v2\/comments?post=35946"}],"version-history":[{"count":3,"href":"https:\/\/www.sudoestehoje.com.br\/novoportal\/wp-json\/wp\/v2\/posts\/35946\/revisions"}],"predecessor-version":[{"id":35950,"href":"https:\/\/www.sudoestehoje.com.br\/novoportal\/wp-json\/wp\/v2\/posts\/35946\/revisions\/35950"}],"wp:attachment":[{"href":"https:\/\/www.sudoestehoje.com.br\/novoportal\/wp-json\/wp\/v2\/media?parent=35946"}],"wp:term":[{"taxonomy":"category","embeddable":true,"href":"https:\/\/www.sudoestehoje.com.br\/novoportal\/wp-json\/wp\/v2\/categories?post=35946"},{"taxonomy":"post_tag","embeddable":true,"href":"https:\/\/www.sudoestehoje.com.br\/novoportal\/wp-json\/wp\/v2\/tags?post=35946"}],"curies":[{"name":"wp","href":"https:\/\/api.w.org\/{rel}","templated":true}]}}