
{"id":35936,"date":"2014-04-13T00:45:39","date_gmt":"2014-04-13T03:45:39","guid":{"rendered":"http:\/\/www.sudoestehoje.com.br\/novoportal\/?p=35936"},"modified":"2014-04-13T10:29:33","modified_gmt":"2014-04-13T13:29:33","slug":"pcdob-de-itapetinga-fecha-com-davidson-magalhaes-para-federal","status":"publish","type":"post","link":"https:\/\/www.sudoestehoje.com.br\/novoportal\/2014\/04\/13\/pcdob-de-itapetinga-fecha-com-davidson-magalhaes-para-federal\/","title":{"rendered":"PCdoB DE ITAPETINGA FECHA COM DAVIDSON MAGALH\u00c3ES PARA FEDERAL"},"content":{"rendered":"<p><a href=\"http:\/\/www.sudoestehoje.com.br\/novoportal\/wp-content\/uploads\/2014\/04\/pcdob.jpg\"><img loading=\"lazy\" decoding=\"async\" class=\"aligncenter size-medium wp-image-35937\" alt=\"pcdob\" src=\"http:\/\/www.sudoestehoje.com.br\/novoportal\/wp-content\/uploads\/2014\/04\/pcdob-500x375.jpg\" width=\"500\" height=\"375\" srcset=\"https:\/\/www.sudoestehoje.com.br\/novoportal\/wp-content\/uploads\/2014\/04\/pcdob-500x375.jpg 500w, https:\/\/www.sudoestehoje.com.br\/novoportal\/wp-content\/uploads\/2014\/04\/pcdob-700x525.jpg 700w, https:\/\/www.sudoestehoje.com.br\/novoportal\/wp-content\/uploads\/2014\/04\/pcdob.jpg 960w\" sizes=\"auto, (max-width: 500px) 100vw, 500px\" \/><\/a><\/p>\n<p>Em decorr\u00eancia de uma redistribui\u00e7\u00e3o de \u00e1rea estabelecida pela dire\u00e7\u00e3o estadual do PCdoB, os comunistas de Itapetinga marchar\u00e3o na pr\u00f3xima elei\u00e7\u00e3o com o ex-presidente da Bahiag\u00e1s, Davidson Magalh\u00e3es, que disputar\u00e1 uma vaga na C\u00e2mara Federal.<\/p>\n<p>Nas \u00faltimas elei\u00e7\u00f5es, o PCdoB local marchou com o deputado Daniel Almeida, um dos parlamentares mais atuantes da bancada baiana, mas na nova estrat\u00e9gia do partido, coube ao PCdoB de Itapetinga apoiar a candidatura de Davidson, que tem domic\u00edlio eleitoral em Itabuna, cidade mais pr\u00f3xima de Itapetinga que Salvador, onde Daniel Almeida concentra a sua atua\u00e7\u00e3o.<\/p>\n<p>Al\u00e9m dos comunistas locais, Davidson ainda contar\u00e1 com o apoio do vereador Alfredo Cabral (PSB) e de outras lideran\u00e7as locais e regionais, o que poder\u00e1 coloc\u00e1-lo entre os deputados mais votados no munic\u00edpio.<\/p>\n<p>Em visita a Itapetinga, neste s\u00e1bado, Davidson se reuniu com os l\u00edderes locais do seu partido, a exemplo do vereador Renan Coelho, Gilson de Jesus e Jos\u00e9 Ferreira, dentre outros, para tratar de detalhes da campanha que ser\u00e1 desenvolvida em Itapetinga.<\/p>\n<p><a href=\"http:\/\/www.sudoestehoje.com.br\/novoportal\/wp-content\/uploads\/2014\/04\/encruz.jpg\"><img loading=\"lazy\" decoding=\"async\" class=\"aligncenter size-medium wp-image-35940\" alt=\"encruz\" src=\"http:\/\/www.sudoestehoje.com.br\/novoportal\/wp-content\/uploads\/2014\/04\/encruz-500x375.jpg\" width=\"500\" height=\"375\" srcset=\"https:\/\/www.sudoestehoje.com.br\/novoportal\/wp-content\/uploads\/2014\/04\/encruz-500x375.jpg 500w, https:\/\/www.sudoestehoje.com.br\/novoportal\/wp-content\/uploads\/2014\/04\/encruz-700x525.jpg 700w, https:\/\/www.sudoestehoje.com.br\/novoportal\/wp-content\/uploads\/2014\/04\/encruz.jpg 960w\" sizes=\"auto, (max-width: 500px) 100vw, 500px\" \/><\/a><\/p>\n<p>Em seguida, Davidson teve um encontro com um grupo de vereadores \u00a0e suplentes do munic\u00edpio de Encruzilhada, que tamb\u00e9m dever\u00e3o apoi\u00e1-lo, no Restaurante Santa Ceia.<\/p>\n<p>Em conversa com a nossa reportagem, Davidson manifestou o seu contentamento em atuar na &#8216;Capital da Pecu\u00e1ria&#8217;, terra onde possui in\u00fameros amigos e apoiadores da sua candidatura.<\/p>\n<p><strong><em>Por Davi Ferraz<\/em><\/strong><\/p>\n","protected":false},"excerpt":{"rendered":"<p>Em decorr\u00eancia de uma redistribui\u00e7\u00e3o de \u00e1rea estabelecida pela dire\u00e7\u00e3o estadual do PCdoB, os comunistas de Itapetinga marchar\u00e3o na pr\u00f3xima elei\u00e7\u00e3o com o ex-presidente da Bahiag\u00e1s, Davidson Magalh\u00e3es, que disputar\u00e1 uma vaga na C\u00e2mara Federal. Nas \u00faltimas elei\u00e7\u00f5es, o PCdoB local marchou com o deputado Daniel Almeida, um dos parlamentares mais atuantes da bancada baiana, [&hellip;]<\/p>\n","protected":false},"author":2,"featured_media":0,"comment_status":"open","ping_status":"open","sticky":false,"template":"","format":"standard","meta":{"footnotes":"","_links_to":"","_links_to_target":""},"categories":[1],"tags":[],"class_list":["post-35936","post","type-post","status-publish","format-standard","hentry","category-geral"],"views":1333,"_links":{"self":[{"href":"https:\/\/www.sudoestehoje.com.br\/novoportal\/wp-json\/wp\/v2\/posts\/35936","targetHints":{"allow":["GET"]}}],"collection":[{"href":"https:\/\/www.sudoestehoje.com.br\/novoportal\/wp-json\/wp\/v2\/posts"}],"about":[{"href":"https:\/\/www.sudoestehoje.com.br\/novoportal\/wp-json\/wp\/v2\/types\/post"}],"author":[{"embeddable":true,"href":"https:\/\/www.sudoestehoje.com.br\/novoportal\/wp-json\/wp\/v2\/users\/2"}],"replies":[{"embeddable":true,"href":"https:\/\/www.sudoestehoje.com.br\/novoportal\/wp-json\/wp\/v2\/comments?post=35936"}],"version-history":[{"count":7,"href":"https:\/\/www.sudoestehoje.com.br\/novoportal\/wp-json\/wp\/v2\/posts\/35936\/revisions"}],"predecessor-version":[{"id":35945,"href":"https:\/\/www.sudoestehoje.com.br\/novoportal\/wp-json\/wp\/v2\/posts\/35936\/revisions\/35945"}],"wp:attachment":[{"href":"https:\/\/www.sudoestehoje.com.br\/novoportal\/wp-json\/wp\/v2\/media?parent=35936"}],"wp:term":[{"taxonomy":"category","embeddable":true,"href":"https:\/\/www.sudoestehoje.com.br\/novoportal\/wp-json\/wp\/v2\/categories?post=35936"},{"taxonomy":"post_tag","embeddable":true,"href":"https:\/\/www.sudoestehoje.com.br\/novoportal\/wp-json\/wp\/v2\/tags?post=35936"}],"curies":[{"name":"wp","href":"https:\/\/api.w.org\/{rel}","templated":true}]}}