
{"id":35928,"date":"2014-04-12T20:31:07","date_gmt":"2014-04-12T23:31:07","guid":{"rendered":"http:\/\/www.sudoestehoje.com.br\/novoportal\/?p=35928"},"modified":"2014-04-12T20:36:19","modified_gmt":"2014-04-12T23:36:19","slug":"governo-vai-investigar-irregularidades-do-minha-casa-na-bahia","status":"publish","type":"post","link":"https:\/\/www.sudoestehoje.com.br\/novoportal\/2014\/04\/12\/governo-vai-investigar-irregularidades-do-minha-casa-na-bahia\/","title":{"rendered":"GOVERNO VAI INVESTIGAR IRREGULARIDADES NO MINHA CASA NA BAHIA"},"content":{"rendered":"<div>\n<p><a href=\"http:\/\/www.sudoestehoje.com.br\/novoportal\/wp-content\/uploads\/2014\/04\/BROGOD\u00d3.jpg\"><img loading=\"lazy\" decoding=\"async\" class=\"aligncenter size-medium wp-image-35930\" alt=\"BROGOD\u00d3\" src=\"http:\/\/www.sudoestehoje.com.br\/novoportal\/wp-content\/uploads\/2014\/04\/BROGOD\u00d3-500x330.jpg\" width=\"500\" height=\"330\" srcset=\"https:\/\/www.sudoestehoje.com.br\/novoportal\/wp-content\/uploads\/2014\/04\/BROGOD\u00d3-500x330.jpg 500w, https:\/\/www.sudoestehoje.com.br\/novoportal\/wp-content\/uploads\/2014\/04\/BROGOD\u00d3.jpg 550w\" sizes=\"auto, (max-width: 500px) 100vw, 500px\" \/><\/a><\/p>\n<p>O ministro da Justi\u00e7a, Jos\u00e9 Eduardo Cardozo, afirmou que o governo federal quer ampliar a investiga\u00e7\u00e3o sobre\u00a0irregularidades no programa &#8220;Minha Casa, Minha Vida&#8221; para a Bahia, Maranh\u00e3o e Minas Gerais. A\u00a0investiga\u00e7\u00e3o j\u00e1 acontece no Rio de Janeiro, cen\u00e1rio de uma reportagem do Fant\u00e1stico que mostrou mil\u00edcias cobrando taxas e chantageando moradores de unidades residenciais do programa.<\/p>\n<p>Em coletiva nesta sexta-feira (11), Cardozo falou do tema. &#8220;Como fizemos com o governo do Rio de Janeiro, onde fizemos acordo de parceria e troca de informa\u00e7\u00f5es, precisamos fazer com outros estados. A partir de segunda-feira, vamos propor parcerias a outros governos. J\u00e1 na segunda-feira procuraremos Maranh\u00e3o, Minas e Bahia. N\u00e3o vamos ficar s\u00f3 no Rio de Janeiro&#8221;, garantiu Cardozo, citado pelo G1 Bras\u00edlia.<\/p>\n<p>A Bahia e os outros dois estados foram escolhidos porque, segundo o ministro, j\u00e1 existem den\u00fancias de irregularidades neles.<\/p>\n<p>Em Itapetinga, as den\u00fancias dizem respeito ao favorecimento de pessoas ligadas ao grupo do prefeito, que mesmo n\u00e3o preenchendo as condi\u00e7\u00f5es exigidas pelo programa, receberam casas no 12 de Dezembro (Brogod\u00f3) e Moacir Moura (Piab\u00e3o), e que v\u00eam utilizando os im\u00f3veis para aluguel e especula\u00e7\u00e3o.<\/p>\n<\/div>\n<div><\/div>\n","protected":false},"excerpt":{"rendered":"<p>O ministro da Justi\u00e7a, Jos\u00e9 Eduardo Cardozo, afirmou que o governo federal quer ampliar a investiga\u00e7\u00e3o sobre\u00a0irregularidades no programa &#8220;Minha Casa, Minha Vida&#8221; para a Bahia, Maranh\u00e3o e Minas Gerais. A\u00a0investiga\u00e7\u00e3o j\u00e1 acontece no Rio de Janeiro, cen\u00e1rio de uma reportagem do Fant\u00e1stico que mostrou mil\u00edcias cobrando taxas e chantageando moradores de unidades residenciais do [&hellip;]<\/p>\n","protected":false},"author":2,"featured_media":0,"comment_status":"open","ping_status":"open","sticky":false,"template":"","format":"standard","meta":{"footnotes":"","_links_to":"","_links_to_target":""},"categories":[1],"tags":[],"class_list":["post-35928","post","type-post","status-publish","format-standard","hentry","category-geral"],"views":1883,"_links":{"self":[{"href":"https:\/\/www.sudoestehoje.com.br\/novoportal\/wp-json\/wp\/v2\/posts\/35928","targetHints":{"allow":["GET"]}}],"collection":[{"href":"https:\/\/www.sudoestehoje.com.br\/novoportal\/wp-json\/wp\/v2\/posts"}],"about":[{"href":"https:\/\/www.sudoestehoje.com.br\/novoportal\/wp-json\/wp\/v2\/types\/post"}],"author":[{"embeddable":true,"href":"https:\/\/www.sudoestehoje.com.br\/novoportal\/wp-json\/wp\/v2\/users\/2"}],"replies":[{"embeddable":true,"href":"https:\/\/www.sudoestehoje.com.br\/novoportal\/wp-json\/wp\/v2\/comments?post=35928"}],"version-history":[{"count":4,"href":"https:\/\/www.sudoestehoje.com.br\/novoportal\/wp-json\/wp\/v2\/posts\/35928\/revisions"}],"predecessor-version":[{"id":35933,"href":"https:\/\/www.sudoestehoje.com.br\/novoportal\/wp-json\/wp\/v2\/posts\/35928\/revisions\/35933"}],"wp:attachment":[{"href":"https:\/\/www.sudoestehoje.com.br\/novoportal\/wp-json\/wp\/v2\/media?parent=35928"}],"wp:term":[{"taxonomy":"category","embeddable":true,"href":"https:\/\/www.sudoestehoje.com.br\/novoportal\/wp-json\/wp\/v2\/categories?post=35928"},{"taxonomy":"post_tag","embeddable":true,"href":"https:\/\/www.sudoestehoje.com.br\/novoportal\/wp-json\/wp\/v2\/tags?post=35928"}],"curies":[{"name":"wp","href":"https:\/\/api.w.org\/{rel}","templated":true}]}}