
{"id":35923,"date":"2014-04-12T19:49:19","date_gmt":"2014-04-12T22:49:19","guid":{"rendered":"http:\/\/www.sudoestehoje.com.br\/novoportal\/?p=35923"},"modified":"2014-04-12T19:49:19","modified_gmt":"2014-04-12T22:49:19","slug":"alfredo-pode-fechar-com-oposicao-para-eleger-novo-presidente-da-camara","status":"publish","type":"post","link":"https:\/\/www.sudoestehoje.com.br\/novoportal\/2014\/04\/12\/alfredo-pode-fechar-com-oposicao-para-eleger-novo-presidente-da-camara\/","title":{"rendered":"ALFREDO PODE FECHAR COM OPOSI\u00c7\u00c3O PARA ELEGER NOVO PRESIDENTE DA C\u00c2MARA"},"content":{"rendered":"<div id=\"attachment_35926\" style=\"width: 460px\" class=\"wp-caption aligncenter\"><a href=\"http:\/\/www.sudoestehoje.com.br\/novoportal\/wp-content\/uploads\/2014\/04\/ALFREDO-C.png\"><img decoding=\"async\" aria-describedby=\"caption-attachment-35926\" class=\" wp-image-35926 \" alt=\"Foto Sudoeste Hoje\" src=\"http:\/\/www.sudoestehoje.com.br\/novoportal\/wp-content\/uploads\/2014\/04\/ALFREDO-C.png\" width=\"450\" \/><\/a><p id=\"caption-attachment-35926\" class=\"wp-caption-text\">Foto Sudoeste Hoje<\/p><\/div>\n<p>ITAPETINGA: O vereador Alfredo Cabral de Assis (PSD), que pertence \u00e0 base governista, poder\u00e1 mais uma vez se unir aos vereadores da oposi\u00e7\u00e3o, em prol da &#8220;moralidade na C\u00e2mara de Vereadores de Itapetinga&#8221;, com o objetivo de eleger o novo presidente da casa legislativa.<\/p>\n<p>Sob articula\u00e7\u00e3o do PDT municipal, a mesa diretora da C\u00e2mara conseguiu antecipar a elei\u00e7\u00e3o da presid\u00eancia, que normalmente acontece no final do mandato, para o para a pr\u00f3xima quarta-feira, dia 16 de abril, em sess\u00e3o designada para as 10h da manh\u00e3.<\/p>\n<p>Em entrevista, o vereador Alfredo Cabral foi taxativo: <em>\u201ceu perten\u00e7o a base do governo e ligado a um partido da coliga\u00e7\u00e3o. Isso n\u00e3o quer dizer que tenha de concordar com tudo que \u00e9 de iniciativa do governo, na quest\u00e3o da elei\u00e7\u00e3o da mesa, qualquer um vereador tem condi\u00e7\u00f5es de ser presidente, por\u00e9m, eu gostaria de ver uma mesa que desse mais dinamismo nos trabalhos e nos representasse nas discuss\u00f5es dos problemas que aflige a comunidade\u201d<\/em>, disse o vereador Alfredo Cabral.<\/p>\n<p>A comunidade de Itapetinga tem o Vereador Alfredo Cabral como um dos mais s\u00e9rios, sua conduta na c\u00e2mara tem sido bastante elogiada, mesmo sendo da base do prefeito Jos\u00e9 Carlos Moura (PT), ele lutou para aprova\u00e7\u00e3o do Projeto da Lei da Ficha Limpa, derrubando o veto prefeito.<\/p>\n<p>Os nomes dos Candidatos da oposi\u00e7\u00e3o s\u00e3o os peemedebistas Jo\u00e3o Carlos e Jo\u00e3o de Deus, al\u00e9m do vereador Marcos Gabriele, que apesar de pertencer ao partido do prefeito, tamb\u00e9m vota com a oposi\u00e7\u00e3o. Com o apoio do vereador Alfredo Cabral, a oposi\u00e7\u00e3o fecha a maioria dos votos, ou seja, 08 vereadores.<!--more--><\/p>\n<p>A atual mesa diretora \u00e9 comandada pelo PDT, e segundo informa\u00e7\u00f5es, a antecipa\u00e7\u00e3o da elei\u00e7\u00e3o pode ser uma articula\u00e7\u00e3o do assessor especial do Prefeito Jos\u00e9 Carlos Moura, Romildo Teixeira e Hild\u00e9rico Nogueira (Tiquinho), para manter o partido no comando da casa. O candidato da base situacionista \u00e9 o vereador Valdeir Chagas (PDT).Com informa\u00e7\u00f5es do Diga Diga<\/p>\n","protected":false},"excerpt":{"rendered":"<p>ITAPETINGA: O vereador Alfredo Cabral de Assis (PSD), que pertence \u00e0 base governista, poder\u00e1 mais uma vez se unir aos vereadores da oposi\u00e7\u00e3o, em prol da &#8220;moralidade na C\u00e2mara de Vereadores de Itapetinga&#8221;, com o objetivo de eleger o novo presidente da casa legislativa. Sob articula\u00e7\u00e3o do PDT municipal, a mesa diretora da C\u00e2mara conseguiu [&hellip;]<\/p>\n","protected":false},"author":2,"featured_media":0,"comment_status":"open","ping_status":"open","sticky":false,"template":"","format":"standard","meta":{"footnotes":"","_links_to":"","_links_to_target":""},"categories":[1],"tags":[],"class_list":["post-35923","post","type-post","status-publish","format-standard","hentry","category-geral"],"views":1337,"_links":{"self":[{"href":"https:\/\/www.sudoestehoje.com.br\/novoportal\/wp-json\/wp\/v2\/posts\/35923","targetHints":{"allow":["GET"]}}],"collection":[{"href":"https:\/\/www.sudoestehoje.com.br\/novoportal\/wp-json\/wp\/v2\/posts"}],"about":[{"href":"https:\/\/www.sudoestehoje.com.br\/novoportal\/wp-json\/wp\/v2\/types\/post"}],"author":[{"embeddable":true,"href":"https:\/\/www.sudoestehoje.com.br\/novoportal\/wp-json\/wp\/v2\/users\/2"}],"replies":[{"embeddable":true,"href":"https:\/\/www.sudoestehoje.com.br\/novoportal\/wp-json\/wp\/v2\/comments?post=35923"}],"version-history":[{"count":2,"href":"https:\/\/www.sudoestehoje.com.br\/novoportal\/wp-json\/wp\/v2\/posts\/35923\/revisions"}],"predecessor-version":[{"id":35927,"href":"https:\/\/www.sudoestehoje.com.br\/novoportal\/wp-json\/wp\/v2\/posts\/35923\/revisions\/35927"}],"wp:attachment":[{"href":"https:\/\/www.sudoestehoje.com.br\/novoportal\/wp-json\/wp\/v2\/media?parent=35923"}],"wp:term":[{"taxonomy":"category","embeddable":true,"href":"https:\/\/www.sudoestehoje.com.br\/novoportal\/wp-json\/wp\/v2\/categories?post=35923"},{"taxonomy":"post_tag","embeddable":true,"href":"https:\/\/www.sudoestehoje.com.br\/novoportal\/wp-json\/wp\/v2\/tags?post=35923"}],"curies":[{"name":"wp","href":"https:\/\/api.w.org\/{rel}","templated":true}]}}