
{"id":35914,"date":"2014-04-12T00:48:33","date_gmt":"2014-04-12T03:48:33","guid":{"rendered":"http:\/\/www.sudoestehoje.com.br\/novoportal\/?p=35914"},"modified":"2014-04-12T00:57:36","modified_gmt":"2014-04-12T03:57:36","slug":"itapetinga-camara-municipal-antecipa-eleicao-da-mesa-diretora","status":"publish","type":"post","link":"https:\/\/www.sudoestehoje.com.br\/novoportal\/2014\/04\/12\/itapetinga-camara-municipal-antecipa-eleicao-da-mesa-diretora\/","title":{"rendered":"ITAPETINGA: C\u00c2MARA MUNICIPAL ANTECIPA ELEI\u00c7\u00c3O DA MESA DIRETORA"},"content":{"rendered":"<p style=\"text-align: center;\"><a href=\"http:\/\/www.sudoestehoje.com.br\/novoportal\/wp-content\/uploads\/2014\/04\/CAMARA.jpg\"><img decoding=\"async\" class=\"aligncenter  wp-image-35916\" alt=\"CAMARA\" src=\"http:\/\/www.sudoestehoje.com.br\/novoportal\/wp-content\/uploads\/2014\/04\/CAMARA.jpg\" width=\"450\" \/><\/a><\/p>\n<p>Atrav\u00e9s de articula\u00e7\u00e3o do PDT, a mesa diretora da C\u00e2mara de Vereadores de Itapetinga conseguiu antecipar a elei\u00e7\u00e3o da presid\u00eancia, para o bi\u00eanio 2014\/2015, para a pr\u00f3xima quarta-feira, dia 16 de abril, na sess\u00e3o designada para as 10h da manh\u00e3, no Plen\u00e1rio Ulisses Guimar\u00e3es.<\/p>\n<p>O an\u00fancio da data da elei\u00e7\u00e3o foi feito pela presidente N\u00eddia Oliveira, durante a sess\u00e3o desta quinta-feira (10).\u00a0A antecipa\u00e7\u00e3o da elei\u00e7\u00e3o da mesa diretora vem causando celeuma, uma vez que o ato \u00e9 sempre realizado no final de cada legislatura. No caso em tela, a elei\u00e7\u00e3o ser\u00e1 antecipada em 8 meses, o que poder\u00e1 gerar impugna\u00e7\u00f5es na justi\u00e7a.<\/p>\n<p>A atual mesa diretora \u00e9 comandada pelo PDT, e segundo informa\u00e7\u00f5es, a antecipa\u00e7\u00e3o da elei\u00e7\u00e3o pode ser uma articula\u00e7\u00e3o do assessor especial do Prefeito Jos\u00e9 Carlos Moura, Romildo Teixeira e Hild\u00e9rico Nogueira (Tiquinho), para manter o partido no comando da casa. O candidato da base situacionista \u00e9 o vereador Valdeir Chagas (PDT).<\/p>\n<p>A bancada oposicionista \u00e9 contra a antecipa\u00e7\u00e3o, mas ainda n\u00e3o informou se vai ou n\u00e3o concorrer, formando uma nova chapa. Com informa\u00e7\u00f5es do Diga Diga.<\/p>\n","protected":false},"excerpt":{"rendered":"<p>Atrav\u00e9s de articula\u00e7\u00e3o do PDT, a mesa diretora da C\u00e2mara de Vereadores de Itapetinga conseguiu antecipar a elei\u00e7\u00e3o da presid\u00eancia, para o bi\u00eanio 2014\/2015, para a pr\u00f3xima quarta-feira, dia 16 de abril, na sess\u00e3o designada para as 10h da manh\u00e3, no Plen\u00e1rio Ulisses Guimar\u00e3es. O an\u00fancio da data da elei\u00e7\u00e3o foi feito pela presidente N\u00eddia [&hellip;]<\/p>\n","protected":false},"author":2,"featured_media":0,"comment_status":"open","ping_status":"open","sticky":false,"template":"","format":"standard","meta":{"footnotes":"","_links_to":"","_links_to_target":""},"categories":[1],"tags":[],"class_list":["post-35914","post","type-post","status-publish","format-standard","hentry","category-geral"],"views":1462,"_links":{"self":[{"href":"https:\/\/www.sudoestehoje.com.br\/novoportal\/wp-json\/wp\/v2\/posts\/35914","targetHints":{"allow":["GET"]}}],"collection":[{"href":"https:\/\/www.sudoestehoje.com.br\/novoportal\/wp-json\/wp\/v2\/posts"}],"about":[{"href":"https:\/\/www.sudoestehoje.com.br\/novoportal\/wp-json\/wp\/v2\/types\/post"}],"author":[{"embeddable":true,"href":"https:\/\/www.sudoestehoje.com.br\/novoportal\/wp-json\/wp\/v2\/users\/2"}],"replies":[{"embeddable":true,"href":"https:\/\/www.sudoestehoje.com.br\/novoportal\/wp-json\/wp\/v2\/comments?post=35914"}],"version-history":[{"count":4,"href":"https:\/\/www.sudoestehoje.com.br\/novoportal\/wp-json\/wp\/v2\/posts\/35914\/revisions"}],"predecessor-version":[{"id":35919,"href":"https:\/\/www.sudoestehoje.com.br\/novoportal\/wp-json\/wp\/v2\/posts\/35914\/revisions\/35919"}],"wp:attachment":[{"href":"https:\/\/www.sudoestehoje.com.br\/novoportal\/wp-json\/wp\/v2\/media?parent=35914"}],"wp:term":[{"taxonomy":"category","embeddable":true,"href":"https:\/\/www.sudoestehoje.com.br\/novoportal\/wp-json\/wp\/v2\/categories?post=35914"},{"taxonomy":"post_tag","embeddable":true,"href":"https:\/\/www.sudoestehoje.com.br\/novoportal\/wp-json\/wp\/v2\/tags?post=35914"}],"curies":[{"name":"wp","href":"https:\/\/api.w.org\/{rel}","templated":true}]}}