
{"id":35892,"date":"2014-04-10T17:44:37","date_gmt":"2014-04-10T20:44:37","guid":{"rendered":"http:\/\/www.sudoestehoje.com.br\/novoportal\/?p=35892"},"modified":"2014-04-10T17:46:01","modified_gmt":"2014-04-10T20:46:01","slug":"michel-vai-reunir-pmdb-para-discutir-situacao-de-katia-e-joao-de-deus","status":"publish","type":"post","link":"https:\/\/www.sudoestehoje.com.br\/novoportal\/2014\/04\/10\/michel-vai-reunir-pmdb-para-discutir-situacao-de-katia-e-joao-de-deus\/","title":{"rendered":"MICHEL VAI REUNIR PMDB PARA DISCUTIR SITUA\u00c7\u00c3O DE K\u00c1TIA E JO\u00c3O DE DEUS"},"content":{"rendered":"<p><img decoding=\"async\" class=\"aligncenter\" alt=\"\" src=\"http:\/\/3.bp.blogspot.com\/-Glai3VuM-kE\/TgzIRqEq7fI\/AAAAAAAAByA\/_qittPMNWmg\/s200\/100_9709.jpg\" width=\"400\" \/><\/p>\n<p>ITAPETINGA: Depois de retornar de Salvador, o ex-prefeito Michel Hagge conversou com o editor do Itapetinganet e falou de sucess\u00e3o estadual, candidatura a deputado estadual e o apoio de K\u00e1tia Espinheira e Jo\u00e3o Deus ao deputado federal Antonio Brito (PTB), fechado no \u00faltimo final de semana.<\/p>\n<p><em>\u201cVou reunir o partido pra discutir o assunto divulgado nos blogs\u201d, <\/em>afirmou o<em>\u00a0<\/em>ex-prefeito Michel Hagge, com referencia a op\u00e7\u00e3o da presidente municipal do PMDB, K\u00e1tia Espinheira, de apoiar, juntamente com o vereador Jo\u00e3o de Deus, a candidatura do deputado Antonio Brito, que integra a base de apoio de Wagner e Dilma.\u00a0Michel falou que o PMDB n\u00e3o admite que um dirigente partid\u00e1rio e um vereador tomem uma decis\u00e3o t\u00e3o importante, sem consultar o diret\u00f3rio e seus filiados.<\/p>\n<p>Quanto \u00e0 sua candidatura a deputado estadual, Michel revelou que est\u00e1 indefinida. Alega que conta com dois fatos negativos para ir em frente: falta de recursos e a aceita\u00e7\u00e3o de sua idade nas outras cidades que tamb\u00e9m far\u00e1 campanha.<\/p>\n<p>No tocante \u00e0 sucess\u00e3o estadual, Michel fala de uma suposta insatisfa\u00e7\u00e3o de Geddel em rela\u00e7\u00e3o a ACM Neto, e da possibilidade do l\u00edder peemedebista formar uma chapa com a senadora L\u00eddice da Mata (PSB). Sua informa\u00e7\u00e3o, entretanto, acabou sendo superada pelos fatos, visto que, na manh\u00e3 desta quinta-feira, Geddel se acertou com os demais partidos de oposi\u00e7\u00e3o (DEM e PSDB) e vai mesmo disputar o sanado, na chapa encabe\u00e7ada por Paulo Souto (DEM).<\/p>\n<p><strong><em>Por Davi Ferraz <\/em><\/strong><em>(Com informa\u00e7\u00f5es do Z\u00e9 Ferreira)<\/em><\/p>\n","protected":false},"excerpt":{"rendered":"<p>ITAPETINGA: Depois de retornar de Salvador, o ex-prefeito Michel Hagge conversou com o editor do Itapetinganet e falou de sucess\u00e3o estadual, candidatura a deputado estadual e o apoio de K\u00e1tia Espinheira e Jo\u00e3o Deus ao deputado federal Antonio Brito (PTB), fechado no \u00faltimo final de semana. \u201cVou reunir o partido pra discutir o assunto divulgado [&hellip;]<\/p>\n","protected":false},"author":2,"featured_media":0,"comment_status":"open","ping_status":"open","sticky":false,"template":"","format":"standard","meta":{"footnotes":"","_links_to":"","_links_to_target":""},"categories":[1],"tags":[],"class_list":["post-35892","post","type-post","status-publish","format-standard","hentry","category-geral"],"views":1312,"_links":{"self":[{"href":"https:\/\/www.sudoestehoje.com.br\/novoportal\/wp-json\/wp\/v2\/posts\/35892","targetHints":{"allow":["GET"]}}],"collection":[{"href":"https:\/\/www.sudoestehoje.com.br\/novoportal\/wp-json\/wp\/v2\/posts"}],"about":[{"href":"https:\/\/www.sudoestehoje.com.br\/novoportal\/wp-json\/wp\/v2\/types\/post"}],"author":[{"embeddable":true,"href":"https:\/\/www.sudoestehoje.com.br\/novoportal\/wp-json\/wp\/v2\/users\/2"}],"replies":[{"embeddable":true,"href":"https:\/\/www.sudoestehoje.com.br\/novoportal\/wp-json\/wp\/v2\/comments?post=35892"}],"version-history":[{"count":4,"href":"https:\/\/www.sudoestehoje.com.br\/novoportal\/wp-json\/wp\/v2\/posts\/35892\/revisions"}],"predecessor-version":[{"id":35897,"href":"https:\/\/www.sudoestehoje.com.br\/novoportal\/wp-json\/wp\/v2\/posts\/35892\/revisions\/35897"}],"wp:attachment":[{"href":"https:\/\/www.sudoestehoje.com.br\/novoportal\/wp-json\/wp\/v2\/media?parent=35892"}],"wp:term":[{"taxonomy":"category","embeddable":true,"href":"https:\/\/www.sudoestehoje.com.br\/novoportal\/wp-json\/wp\/v2\/categories?post=35892"},{"taxonomy":"post_tag","embeddable":true,"href":"https:\/\/www.sudoestehoje.com.br\/novoportal\/wp-json\/wp\/v2\/tags?post=35892"}],"curies":[{"name":"wp","href":"https:\/\/api.w.org\/{rel}","templated":true}]}}