
{"id":35884,"date":"2014-04-10T12:42:06","date_gmt":"2014-04-10T15:42:06","guid":{"rendered":"http:\/\/www.sudoestehoje.com.br\/novoportal\/?p=35884"},"modified":"2014-04-10T13:45:09","modified_gmt":"2014-04-10T16:45:09","slug":"oposicao-bate-o-martelo-e-confirma-chapa-com-souto-geddel-e-joaci","status":"publish","type":"post","link":"https:\/\/www.sudoestehoje.com.br\/novoportal\/2014\/04\/10\/oposicao-bate-o-martelo-e-confirma-chapa-com-souto-geddel-e-joaci\/","title":{"rendered":"OPOSI\u00c7\u00c3O BATE O MARTELO E CONFIRMA CHAPA COM SOUTO, GEDDEL E JOACY"},"content":{"rendered":"<div id=\"attachment_35885\" style=\"width: 460px\" class=\"wp-caption aligncenter\"><a href=\"http:\/\/www.sudoestehoje.com.br\/novoportal\/wp-content\/uploads\/2014\/04\/CHAPA-OPOSI\u00c7\u00c3O.jpg\"><img decoding=\"async\" aria-describedby=\"caption-attachment-35885\" class=\" wp-image-35885 \" alt=\"Confirmada\" src=\"http:\/\/www.sudoestehoje.com.br\/novoportal\/wp-content\/uploads\/2014\/04\/CHAPA-OPOSI\u00c7\u00c3O.jpg\" width=\"450\" \/><\/a><p id=\"caption-attachment-35885\" class=\"wp-caption-text\">A chapa foi formada com paulo Souto ao governo, Joaci G\u00f3es na vice e Geddel ao senado. O an\u00fancio ser\u00e1 oficializado em grande evento.<\/p><\/div>\n<p>A situa\u00e7\u00e3o da chapa anti petista na Bahia foi pacificada. Depois de v\u00e1rias conversas com Geddel Vieira Lima (PMDB) ficou acertado\u00a0que o nome do candidato a vice \u00e9 mesmo o do advogado Joacy G\u00f3es. Em telefonema, Geddel confirmou que \u00e9 postulante ao Senado. Com isso, acabam virtualmente os problemas da oposi\u00e7\u00e3o, no caso de Paulo Souto, governador. Esta \u00e9 a situa\u00e7\u00e3o, que vai ficar muito competitiva.<\/p>\n<p>De acordo com o presidente do DEM baiano, haver\u00e1 &#8220;um grande evento&#8221; na pr\u00f3xima segunda-feira (14) para apresentar os candidatos do grupo.\u00a0Em seu Twitter, o prefeito ACM Neto (DEM), coordenador do processo de escolha, comemorou o fim da novela. <em>&#8220;A a uni\u00e3o das oposi\u00e7\u00f5es foi mantida e vamos disputar as elei\u00e7\u00f5es mais fortes do que nunca&#8221;<\/em>, postou, ap\u00f3s confirmar o trio que vai concorrer em outubro.<\/p>\n","protected":false},"excerpt":{"rendered":"<p>A situa\u00e7\u00e3o da chapa anti petista na Bahia foi pacificada. Depois de v\u00e1rias conversas com Geddel Vieira Lima (PMDB) ficou acertado\u00a0que o nome do candidato a vice \u00e9 mesmo o do advogado Joacy G\u00f3es. Em telefonema, Geddel confirmou que \u00e9 postulante ao Senado. Com isso, acabam virtualmente os problemas da oposi\u00e7\u00e3o, no caso de Paulo [&hellip;]<\/p>\n","protected":false},"author":2,"featured_media":0,"comment_status":"open","ping_status":"open","sticky":false,"template":"","format":"standard","meta":{"footnotes":"","_links_to":"","_links_to_target":""},"categories":[1],"tags":[],"class_list":["post-35884","post","type-post","status-publish","format-standard","hentry","category-geral"],"views":1256,"_links":{"self":[{"href":"https:\/\/www.sudoestehoje.com.br\/novoportal\/wp-json\/wp\/v2\/posts\/35884","targetHints":{"allow":["GET"]}}],"collection":[{"href":"https:\/\/www.sudoestehoje.com.br\/novoportal\/wp-json\/wp\/v2\/posts"}],"about":[{"href":"https:\/\/www.sudoestehoje.com.br\/novoportal\/wp-json\/wp\/v2\/types\/post"}],"author":[{"embeddable":true,"href":"https:\/\/www.sudoestehoje.com.br\/novoportal\/wp-json\/wp\/v2\/users\/2"}],"replies":[{"embeddable":true,"href":"https:\/\/www.sudoestehoje.com.br\/novoportal\/wp-json\/wp\/v2\/comments?post=35884"}],"version-history":[{"count":4,"href":"https:\/\/www.sudoestehoje.com.br\/novoportal\/wp-json\/wp\/v2\/posts\/35884\/revisions"}],"predecessor-version":[{"id":35889,"href":"https:\/\/www.sudoestehoje.com.br\/novoportal\/wp-json\/wp\/v2\/posts\/35884\/revisions\/35889"}],"wp:attachment":[{"href":"https:\/\/www.sudoestehoje.com.br\/novoportal\/wp-json\/wp\/v2\/media?parent=35884"}],"wp:term":[{"taxonomy":"category","embeddable":true,"href":"https:\/\/www.sudoestehoje.com.br\/novoportal\/wp-json\/wp\/v2\/categories?post=35884"},{"taxonomy":"post_tag","embeddable":true,"href":"https:\/\/www.sudoestehoje.com.br\/novoportal\/wp-json\/wp\/v2\/tags?post=35884"}],"curies":[{"name":"wp","href":"https:\/\/api.w.org\/{rel}","templated":true}]}}