
{"id":35870,"date":"2014-04-09T23:12:15","date_gmt":"2014-04-10T02:12:15","guid":{"rendered":"http:\/\/www.sudoestehoje.com.br\/novoportal\/?p=35870"},"modified":"2014-04-09T23:52:27","modified_gmt":"2014-04-10T02:52:27","slug":"ruas-esburacadas-e-lixao-dificultam-coleta-de-lixo-em-itapetinga","status":"publish","type":"post","link":"https:\/\/www.sudoestehoje.com.br\/novoportal\/2014\/04\/09\/ruas-esburacadas-e-lixao-dificultam-coleta-de-lixo-em-itapetinga\/","title":{"rendered":"RUAS ESBURACADAS E LIX\u00c3O DIFICULTAM COLETA DE LIXO EM ITAPETINGA"},"content":{"rendered":"<div id=\"attachment_35871\" style=\"width: 510px\" class=\"wp-caption aligncenter\"><a href=\"http:\/\/www.sudoestehoje.com.br\/novoportal\/wp-content\/uploads\/2014\/04\/aterro-1.jpg\"><img loading=\"lazy\" decoding=\"async\" aria-describedby=\"caption-attachment-35871\" class=\"size-medium wp-image-35871\" alt=\"Montanha de lixo no aterro sanit\u00e1rio de Itapetinga, que foi abandonado pela prefeitura.\" src=\"http:\/\/www.sudoestehoje.com.br\/novoportal\/wp-content\/uploads\/2014\/04\/aterro-1-500x331.jpg\" width=\"500\" height=\"331\" srcset=\"https:\/\/www.sudoestehoje.com.br\/novoportal\/wp-content\/uploads\/2014\/04\/aterro-1-500x331.jpg 500w, https:\/\/www.sudoestehoje.com.br\/novoportal\/wp-content\/uploads\/2014\/04\/aterro-1-700x463.jpg 700w, https:\/\/www.sudoestehoje.com.br\/novoportal\/wp-content\/uploads\/2014\/04\/aterro-1.jpg 1024w\" sizes=\"auto, (max-width: 500px) 100vw, 500px\" \/><\/a><p id=\"caption-attachment-35871\" class=\"wp-caption-text\">Montanha de lixo no aterro sanit\u00e1rio de Itapetinga, que foi abandonado pela prefeitura.<\/p><\/div>\n<p>No decorrer desta semana, um debate vem sendo travado sobre a coleta de lixo em alguns bairros perif\u00e9ricos, com o radialista Amaral Junior fazendo cobran\u00e7as \u00e0 empresa Vita Ambiental, como se a responsabilidade pela limpeza p\u00fablica na cidade fosse exclusivamente dela, o que n\u00e3o corresponde \u00e0 verdade.<\/p>\n<p>Tentando elucidar a quest\u00e3o, o Sudoeste Hoje buscou informa\u00e7\u00f5es junto \u00e0 ger\u00eancia da empresa, que esclareceu o seguinte: a coleta na cidade vem sendo feita de forma intensiva, durante a noite, de segunda a s\u00e1bado, sem qualquer problema, a n\u00e3o ser em alguns setores da cidade, onde ruas esburacadas, cheias de entulhos e intransit\u00e1veis impossibilitam o acesso dos carros compactadores, o que obriga a empresa a fazer a coleta manualmente.<\/p>\n<p><a href=\"http:\/\/www.sudoestehoje.com.br\/novoportal\/wp-content\/uploads\/2014\/04\/aterro-2.jpg\"><img loading=\"lazy\" decoding=\"async\" class=\"aligncenter size-medium wp-image-35872\" alt=\"aterro 2\" src=\"http:\/\/www.sudoestehoje.com.br\/novoportal\/wp-content\/uploads\/2014\/04\/aterro-2-500x331.jpg\" width=\"500\" height=\"331\" srcset=\"https:\/\/www.sudoestehoje.com.br\/novoportal\/wp-content\/uploads\/2014\/04\/aterro-2-500x331.jpg 500w, https:\/\/www.sudoestehoje.com.br\/novoportal\/wp-content\/uploads\/2014\/04\/aterro-2-700x463.jpg 700w, https:\/\/www.sudoestehoje.com.br\/novoportal\/wp-content\/uploads\/2014\/04\/aterro-2.jpg 1024w\" sizes=\"auto, (max-width: 500px) 100vw, 500px\" \/><\/a><\/p>\n<p>Outro problema grave que vem atrapalhando e atrasando a coleta, \u00e9 o abandono do Aterro Sanit\u00e1rio, que se transformou em um enorme lix\u00e3o, por falta de assist\u00eancia da Secretaria Municipal de Transportes, que mant\u00eam no aterro apenas um trator de pequeno porte, que n\u00e3o d\u00e1 conta do servi\u00e7o, dificultando o acesso e tr\u00e2nsito dos caminh\u00f5es da Vita Ambiental, que vez por outra, atolam no meio de tanto lixo.<\/p>\n<p>Mesmo assim, n\u00e3o h\u00e1 maiores queixas em rela\u00e7\u00e3o \u00e0 coleta em Itapetinga, que vem sendo realizada de forma eficiente pela empresa contratada, ao contr\u00e1rio do que ocorria at\u00e9 2012, com outra terceirizada que prestava p\u00e9ssimos servi\u00e7os ao munic\u00edpio.<\/p>\n<p><a href=\"http:\/\/www.sudoestehoje.com.br\/novoportal\/wp-content\/uploads\/2014\/04\/aterro-3.jpg\"><img loading=\"lazy\" decoding=\"async\" class=\"aligncenter size-medium wp-image-35873\" alt=\"aterro 3\" src=\"http:\/\/www.sudoestehoje.com.br\/novoportal\/wp-content\/uploads\/2014\/04\/aterro-3-500x331.jpg\" width=\"500\" height=\"331\" srcset=\"https:\/\/www.sudoestehoje.com.br\/novoportal\/wp-content\/uploads\/2014\/04\/aterro-3-500x331.jpg 500w, https:\/\/www.sudoestehoje.com.br\/novoportal\/wp-content\/uploads\/2014\/04\/aterro-3-700x463.jpg 700w, https:\/\/www.sudoestehoje.com.br\/novoportal\/wp-content\/uploads\/2014\/04\/aterro-3.jpg 1024w\" sizes=\"auto, (max-width: 500px) 100vw, 500px\" \/><\/a><\/p>\n<p>Entretanto, \u00e9 preciso que o secret\u00e1rio Z\u00e9 Renan acorde e fa\u00e7a a sua parte, patrolando as ruas, retirando os entulhos e dando assist\u00eancia ao Aterro Sanit\u00e1rio, que agora virou um lix\u00e3o e corre o risco de ser interditado por algum \u00f3rg\u00e3o ambiental, pela degrada\u00e7\u00e3o que vem causando ao meio ambiente.<\/p>\n<p>O que faz mesmo a Secretaria de Transportes e Servi\u00e7os P\u00fablicos de Itapetinga?<\/p>\n<p><strong><em>Por Davi Ferraz <\/em><\/strong><em>(Fotos Gazinho)<\/em><\/p>\n","protected":false},"excerpt":{"rendered":"<p>No decorrer desta semana, um debate vem sendo travado sobre a coleta de lixo em alguns bairros perif\u00e9ricos, com o radialista Amaral Junior fazendo cobran\u00e7as \u00e0 empresa Vita Ambiental, como se a responsabilidade pela limpeza p\u00fablica na cidade fosse exclusivamente dela, o que n\u00e3o corresponde \u00e0 verdade. Tentando elucidar a quest\u00e3o, o Sudoeste Hoje buscou [&hellip;]<\/p>\n","protected":false},"author":2,"featured_media":0,"comment_status":"open","ping_status":"open","sticky":false,"template":"","format":"standard","meta":{"footnotes":"","_links_to":"","_links_to_target":""},"categories":[1],"tags":[],"class_list":["post-35870","post","type-post","status-publish","format-standard","hentry","category-geral"],"views":5115,"_links":{"self":[{"href":"https:\/\/www.sudoestehoje.com.br\/novoportal\/wp-json\/wp\/v2\/posts\/35870","targetHints":{"allow":["GET"]}}],"collection":[{"href":"https:\/\/www.sudoestehoje.com.br\/novoportal\/wp-json\/wp\/v2\/posts"}],"about":[{"href":"https:\/\/www.sudoestehoje.com.br\/novoportal\/wp-json\/wp\/v2\/types\/post"}],"author":[{"embeddable":true,"href":"https:\/\/www.sudoestehoje.com.br\/novoportal\/wp-json\/wp\/v2\/users\/2"}],"replies":[{"embeddable":true,"href":"https:\/\/www.sudoestehoje.com.br\/novoportal\/wp-json\/wp\/v2\/comments?post=35870"}],"version-history":[{"count":6,"href":"https:\/\/www.sudoestehoje.com.br\/novoportal\/wp-json\/wp\/v2\/posts\/35870\/revisions"}],"predecessor-version":[{"id":35881,"href":"https:\/\/www.sudoestehoje.com.br\/novoportal\/wp-json\/wp\/v2\/posts\/35870\/revisions\/35881"}],"wp:attachment":[{"href":"https:\/\/www.sudoestehoje.com.br\/novoportal\/wp-json\/wp\/v2\/media?parent=35870"}],"wp:term":[{"taxonomy":"category","embeddable":true,"href":"https:\/\/www.sudoestehoje.com.br\/novoportal\/wp-json\/wp\/v2\/categories?post=35870"},{"taxonomy":"post_tag","embeddable":true,"href":"https:\/\/www.sudoestehoje.com.br\/novoportal\/wp-json\/wp\/v2\/tags?post=35870"}],"curies":[{"name":"wp","href":"https:\/\/api.w.org\/{rel}","templated":true}]}}