
{"id":35861,"date":"2014-04-09T18:18:40","date_gmt":"2014-04-09T21:18:40","guid":{"rendered":"http:\/\/www.sudoestehoje.com.br\/novoportal\/?p=35861"},"modified":"2014-04-09T18:20:12","modified_gmt":"2014-04-09T21:20:12","slug":"itororo-prefeitura-divulga-grade-completa-das-festas-juninas-do-municipio","status":"publish","type":"post","link":"https:\/\/www.sudoestehoje.com.br\/novoportal\/2014\/04\/09\/itororo-prefeitura-divulga-grade-completa-das-festas-juninas-do-municipio\/","title":{"rendered":"ITOROR\u00d3: PREFEITURA DIVULGA GRADE COMPLETA DO FESTSOL 2014"},"content":{"rendered":"<div><a href=\"http:\/\/www.sudoestehoje.com.br\/novoportal\/wp-content\/uploads\/2014\/04\/fest-sol1.jpg\"><img loading=\"lazy\" decoding=\"async\" class=\"aligncenter size-medium wp-image-35862\" alt=\"fest-sol\" src=\"http:\/\/www.sudoestehoje.com.br\/novoportal\/wp-content\/uploads\/2014\/04\/fest-sol1-500x170.jpg\" width=\"500\" height=\"170\" srcset=\"https:\/\/www.sudoestehoje.com.br\/novoportal\/wp-content\/uploads\/2014\/04\/fest-sol1-500x170.jpg 500w, https:\/\/www.sudoestehoje.com.br\/novoportal\/wp-content\/uploads\/2014\/04\/fest-sol1-700x239.jpg 700w, https:\/\/www.sudoestehoje.com.br\/novoportal\/wp-content\/uploads\/2014\/04\/fest-sol1.jpg 960w\" sizes=\"auto, (max-width: 500px) 100vw, 500px\" \/><\/a><\/div>\n<div>Na tarde desta quarta-feira (9), a Assessoria de Comunica\u00e7\u00e3o da Prefeitura de Itoror\u00f3 divulgou todas as atra\u00e7\u00f5es do FESTSOL\/2014, incluindo as festas de Rio Do Meio , Itati e o S\u00e3o jo\u00e3o de Itoror\u00f3. Confira as atra\u00e7\u00f5es:<\/div>\n<p><b>S\u00c3O JO\u00c3O ITOROR\u00d3<\/b><\/p>\n<p>L\u00c9O MAGALH\u00c3ES<br \/>\nCALYPSO<br \/>\nLUIZ CALDAS<br \/>\nLORD\u00c3O<br \/>\nOZ POLEMICOS<br \/>\nFILE DE CAMAR\u00c3O<br \/>\nVERA CRUZ<br \/>\nFORR\u00d3 DISCARADA<br \/>\nORIGINAIS DO FORR\u00d3<br \/>\nTONY FERNANDES<\/p>\n<p><b>RIO DO MEIO<\/b><\/p>\n<div>FIL\u00c9 CAMAR\u00c3O<br \/>\nVERA CRUZ<br \/>\nSINHO FERRARI<br \/>\nTRIO DA HUANNA<\/div>\n<div><\/div>\n<div><b>ITATI<\/b><\/div>\n<div><\/div>\n<div>URUBU FOGOSO<br \/>\nTONY FERNANDES<br \/>\nFORR\u00d3 DISCARADA<\/div>\n","protected":false},"excerpt":{"rendered":"<p>Na tarde desta quarta-feira (9), a Assessoria de Comunica\u00e7\u00e3o da Prefeitura de Itoror\u00f3 divulgou todas as atra\u00e7\u00f5es do FESTSOL\/2014, incluindo as festas de Rio Do Meio , Itati e o S\u00e3o jo\u00e3o de Itoror\u00f3. Confira as atra\u00e7\u00f5es: S\u00c3O JO\u00c3O ITOROR\u00d3 L\u00c9O MAGALH\u00c3ES CALYPSO LUIZ CALDAS LORD\u00c3O OZ POLEMICOS FILE DE CAMAR\u00c3O VERA CRUZ FORR\u00d3 DISCARADA [&hellip;]<\/p>\n","protected":false},"author":2,"featured_media":0,"comment_status":"open","ping_status":"open","sticky":false,"template":"","format":"standard","meta":{"footnotes":"","_links_to":"","_links_to_target":""},"categories":[1],"tags":[],"class_list":["post-35861","post","type-post","status-publish","format-standard","hentry","category-geral"],"views":2656,"_links":{"self":[{"href":"https:\/\/www.sudoestehoje.com.br\/novoportal\/wp-json\/wp\/v2\/posts\/35861","targetHints":{"allow":["GET"]}}],"collection":[{"href":"https:\/\/www.sudoestehoje.com.br\/novoportal\/wp-json\/wp\/v2\/posts"}],"about":[{"href":"https:\/\/www.sudoestehoje.com.br\/novoportal\/wp-json\/wp\/v2\/types\/post"}],"author":[{"embeddable":true,"href":"https:\/\/www.sudoestehoje.com.br\/novoportal\/wp-json\/wp\/v2\/users\/2"}],"replies":[{"embeddable":true,"href":"https:\/\/www.sudoestehoje.com.br\/novoportal\/wp-json\/wp\/v2\/comments?post=35861"}],"version-history":[{"count":5,"href":"https:\/\/www.sudoestehoje.com.br\/novoportal\/wp-json\/wp\/v2\/posts\/35861\/revisions"}],"predecessor-version":[{"id":35867,"href":"https:\/\/www.sudoestehoje.com.br\/novoportal\/wp-json\/wp\/v2\/posts\/35861\/revisions\/35867"}],"wp:attachment":[{"href":"https:\/\/www.sudoestehoje.com.br\/novoportal\/wp-json\/wp\/v2\/media?parent=35861"}],"wp:term":[{"taxonomy":"category","embeddable":true,"href":"https:\/\/www.sudoestehoje.com.br\/novoportal\/wp-json\/wp\/v2\/categories?post=35861"},{"taxonomy":"post_tag","embeddable":true,"href":"https:\/\/www.sudoestehoje.com.br\/novoportal\/wp-json\/wp\/v2\/tags?post=35861"}],"curies":[{"name":"wp","href":"https:\/\/api.w.org\/{rel}","templated":true}]}}