
{"id":35853,"date":"2014-04-09T17:48:35","date_gmt":"2014-04-09T20:48:35","guid":{"rendered":"http:\/\/www.sudoestehoje.com.br\/novoportal\/?p=35853"},"modified":"2014-04-09T17:49:15","modified_gmt":"2014-04-09T20:49:15","slug":"antonio-brito-consegue-assinatura-do-prosus-pelo-ministro-da-saude","status":"publish","type":"post","link":"https:\/\/www.sudoestehoje.com.br\/novoportal\/2014\/04\/09\/antonio-brito-consegue-assinatura-do-prosus-pelo-ministro-da-saude\/","title":{"rendered":"ANT\u00d4NIO BRITO CONSEGUE ASSINATURA DO PROSUS PELO MINISTRO DA SA\u00daDE"},"content":{"rendered":"<p><a href=\"http:\/\/www.sudoestehoje.com.br\/novoportal\/wp-content\/uploads\/2014\/04\/brito-hoje.jpg\"><br \/>\n<img loading=\"lazy\" decoding=\"async\" class=\"size-medium wp-image-35855 aligncenter\" alt=\"Em audi\u00eancia com o Ministro da Sa\u00fade, nesta ter\u00e7a-feira, Ant\u00f4nio Brito acompanhou a assinatura da lei que trar\u00e1\" src=\"http:\/\/www.sudoestehoje.com.br\/novoportal\/wp-content\/uploads\/2014\/04\/brito-hoje-500x271.jpg\" width=\"500\" height=\"271\" srcset=\"https:\/\/www.sudoestehoje.com.br\/novoportal\/wp-content\/uploads\/2014\/04\/brito-hoje-500x271.jpg 500w, https:\/\/www.sudoestehoje.com.br\/novoportal\/wp-content\/uploads\/2014\/04\/brito-hoje.jpg 590w\" sizes=\"auto, (max-width: 500px) 100vw, 500px\" \/><\/a><\/p>\n<dl class=\"wp-caption aligncenter\" id=\"attachment_35855\" style=\"width: 510px;\">\n<dd class=\"wp-caption-dd\">Em audi\u00eancia com o Ministro da Sa\u00fade, nesta ter\u00e7a-feira, Ant\u00f4nio Brito acompanhou a assinatura da regulamenta\u00e7\u00e3o da lei que cria o PROSUS.<\/dd>\n<\/dl>\n<p>O deputado federal Antonio Brito, presidente da Frente Parlamentar das Santas Casas e da Confedera\u00e7\u00e3o Internacional das Miseric\u00f3rdias \u2013 CIM, esteve hoje, 8 de abril, em audi\u00eancia com o ministro da Sa\u00fade, Arthur Chioro, acompanhado do presidente da Confedera\u00e7\u00e3o das Miseric\u00f3rdias do Brasil \u2013 CMB, Edson Rogatti, oportunidade em que o ministro assinou a portaria regulamentando a Lei 12.873\/2013 \u2013 Lei do PROSUS.<\/p>\n<p>A Lei do PROSUS concede morat\u00f3ria e anistia \u00e0s d\u00edvidas tribut\u00e1rias e previdenci\u00e1rias das Santas Casas e entidades filantr\u00f3picas na \u00e1rea da sa\u00fade, o que possibilitar\u00e1 a essas institui\u00e7\u00f5es endividadas que iniciem o processo visando conseguir esse benef\u00edcio.<\/p>\n<p>Para Antonio Brito, \u201cessa foi uma luta de quase um ano, fruto de uma grande mobiliza\u00e7\u00e3o envolvendo as entidades, o Congresso Nacional e o Governo Federal. Assim, a partir de agora, podemos ver equacionado um dos grandes problemas que afligem o setor\u201d.<\/p>\n","protected":false},"excerpt":{"rendered":"<p>Em audi\u00eancia com o Ministro da Sa\u00fade, nesta ter\u00e7a-feira, Ant\u00f4nio Brito acompanhou a assinatura da regulamenta\u00e7\u00e3o da lei que cria o PROSUS. O deputado federal Antonio Brito, presidente da Frente Parlamentar das Santas Casas e da Confedera\u00e7\u00e3o Internacional das Miseric\u00f3rdias \u2013 CIM, esteve hoje, 8 de abril, em audi\u00eancia com o ministro da Sa\u00fade, Arthur [&hellip;]<\/p>\n","protected":false},"author":2,"featured_media":0,"comment_status":"open","ping_status":"open","sticky":false,"template":"","format":"standard","meta":{"footnotes":"","_links_to":"","_links_to_target":""},"categories":[1],"tags":[],"class_list":["post-35853","post","type-post","status-publish","format-standard","hentry","category-geral"],"views":1182,"_links":{"self":[{"href":"https:\/\/www.sudoestehoje.com.br\/novoportal\/wp-json\/wp\/v2\/posts\/35853","targetHints":{"allow":["GET"]}}],"collection":[{"href":"https:\/\/www.sudoestehoje.com.br\/novoportal\/wp-json\/wp\/v2\/posts"}],"about":[{"href":"https:\/\/www.sudoestehoje.com.br\/novoportal\/wp-json\/wp\/v2\/types\/post"}],"author":[{"embeddable":true,"href":"https:\/\/www.sudoestehoje.com.br\/novoportal\/wp-json\/wp\/v2\/users\/2"}],"replies":[{"embeddable":true,"href":"https:\/\/www.sudoestehoje.com.br\/novoportal\/wp-json\/wp\/v2\/comments?post=35853"}],"version-history":[{"count":3,"href":"https:\/\/www.sudoestehoje.com.br\/novoportal\/wp-json\/wp\/v2\/posts\/35853\/revisions"}],"predecessor-version":[{"id":35858,"href":"https:\/\/www.sudoestehoje.com.br\/novoportal\/wp-json\/wp\/v2\/posts\/35853\/revisions\/35858"}],"wp:attachment":[{"href":"https:\/\/www.sudoestehoje.com.br\/novoportal\/wp-json\/wp\/v2\/media?parent=35853"}],"wp:term":[{"taxonomy":"category","embeddable":true,"href":"https:\/\/www.sudoestehoje.com.br\/novoportal\/wp-json\/wp\/v2\/categories?post=35853"},{"taxonomy":"post_tag","embeddable":true,"href":"https:\/\/www.sudoestehoje.com.br\/novoportal\/wp-json\/wp\/v2\/tags?post=35853"}],"curies":[{"name":"wp","href":"https:\/\/api.w.org\/{rel}","templated":true}]}}