
{"id":35815,"date":"2014-04-08T23:32:38","date_gmt":"2014-04-09T02:32:38","guid":{"rendered":"http:\/\/www.sudoestehoje.com.br\/novoportal\/?p=35815"},"modified":"2014-04-08T23:32:38","modified_gmt":"2014-04-09T02:32:38","slug":"stf-confirma-sport-club-do-recife-como-unico-campeao-de-1987","status":"publish","type":"post","link":"https:\/\/www.sudoestehoje.com.br\/novoportal\/2014\/04\/08\/stf-confirma-sport-club-do-recife-como-unico-campeao-de-1987\/","title":{"rendered":"STF CONFIRMA SPORT CLUB DO RECIFE COMO \u00daNICO CAMPE\u00c3O DE 1987"},"content":{"rendered":"<p style=\"text-align: center;\"><a href=\"http:\/\/www.sudoestehoje.com.br\/novoportal\/wp-content\/uploads\/2014\/04\/Campe\u00e3o-Brasileiro-de-1987_S.jpg\"><img decoding=\"async\" class=\"aligncenter  wp-image-35816\" alt=\"Campe\u00e3o-Brasileiro-de-1987_S\" src=\"http:\/\/www.sudoestehoje.com.br\/novoportal\/wp-content\/uploads\/2014\/04\/Campe\u00e3o-Brasileiro-de-1987_S.jpg\" width=\"450\" \/><\/a><\/p>\n<p>O Superior Tribunal de Justi\u00e7a (STJ) confirmou nesta ter\u00e7a-feira o\u00a0<a href=\"http:\/\/topicos.estadao.com.br\/sport\">Sport<\/a>\u00a0como o \u00fanico campe\u00e3o brasileiro de 1987. Em decis\u00e3o da Terceira Turma, pelo placar de 4 a 1, o time pernambucano foi reconhecido como o campe\u00e3o nacional daquele ano, em detrimento do\u00a0<a href=\"http:\/\/topicos.estadao.com.br\/flamengo\">Flamengo<\/a>, que havia recorrido ao tribunal superior para contestar decis\u00e3o de inst\u00e2ncia inferior.<\/p>\n<p>O resultado afeta diretamente outra quest\u00e3o pol\u00eamica do futebol nacional. Sem o t\u00edtulo de 1987, que dividia com o Sport, o clube carioca perdeu o direito de pleitear a famosa Ta\u00e7a das Bolinhas, concedida ao primeiro time brasileiro a conquistar cinco t\u00edtulos nacionais. Agora \u00e9 o S\u00e3o Paulo que passa a ser a equipe com direito sobre a disputada ta\u00e7a.<\/p>\n<p><strong><em>Estad\u00e3o<\/em><\/strong><\/p>\n","protected":false},"excerpt":{"rendered":"<p>O Superior Tribunal de Justi\u00e7a (STJ) confirmou nesta ter\u00e7a-feira o\u00a0Sport\u00a0como o \u00fanico campe\u00e3o brasileiro de 1987. Em decis\u00e3o da Terceira Turma, pelo placar de 4 a 1, o time pernambucano foi reconhecido como o campe\u00e3o nacional daquele ano, em detrimento do\u00a0Flamengo, que havia recorrido ao tribunal superior para contestar decis\u00e3o de inst\u00e2ncia inferior. O resultado [&hellip;]<\/p>\n","protected":false},"author":2,"featured_media":0,"comment_status":"open","ping_status":"open","sticky":false,"template":"","format":"standard","meta":{"footnotes":"","_links_to":"","_links_to_target":""},"categories":[1],"tags":[],"class_list":["post-35815","post","type-post","status-publish","format-standard","hentry","category-geral"],"views":4070,"_links":{"self":[{"href":"https:\/\/www.sudoestehoje.com.br\/novoportal\/wp-json\/wp\/v2\/posts\/35815","targetHints":{"allow":["GET"]}}],"collection":[{"href":"https:\/\/www.sudoestehoje.com.br\/novoportal\/wp-json\/wp\/v2\/posts"}],"about":[{"href":"https:\/\/www.sudoestehoje.com.br\/novoportal\/wp-json\/wp\/v2\/types\/post"}],"author":[{"embeddable":true,"href":"https:\/\/www.sudoestehoje.com.br\/novoportal\/wp-json\/wp\/v2\/users\/2"}],"replies":[{"embeddable":true,"href":"https:\/\/www.sudoestehoje.com.br\/novoportal\/wp-json\/wp\/v2\/comments?post=35815"}],"version-history":[{"count":1,"href":"https:\/\/www.sudoestehoje.com.br\/novoportal\/wp-json\/wp\/v2\/posts\/35815\/revisions"}],"predecessor-version":[{"id":35817,"href":"https:\/\/www.sudoestehoje.com.br\/novoportal\/wp-json\/wp\/v2\/posts\/35815\/revisions\/35817"}],"wp:attachment":[{"href":"https:\/\/www.sudoestehoje.com.br\/novoportal\/wp-json\/wp\/v2\/media?parent=35815"}],"wp:term":[{"taxonomy":"category","embeddable":true,"href":"https:\/\/www.sudoestehoje.com.br\/novoportal\/wp-json\/wp\/v2\/categories?post=35815"},{"taxonomy":"post_tag","embeddable":true,"href":"https:\/\/www.sudoestehoje.com.br\/novoportal\/wp-json\/wp\/v2\/tags?post=35815"}],"curies":[{"name":"wp","href":"https:\/\/api.w.org\/{rel}","templated":true}]}}