
{"id":35803,"date":"2014-04-08T00:31:52","date_gmt":"2014-04-08T03:31:52","guid":{"rendered":"http:\/\/www.sudoestehoje.com.br\/novoportal\/?p=35803"},"modified":"2014-04-08T00:31:52","modified_gmt":"2014-04-08T03:31:52","slug":"prefeito-de-belo-campo-e-cassado","status":"publish","type":"post","link":"https:\/\/www.sudoestehoje.com.br\/novoportal\/2014\/04\/08\/prefeito-de-belo-campo-e-cassado\/","title":{"rendered":"PREFEITO DE BELO CAMPO \u00c9 CASSADO"},"content":{"rendered":"<p style=\"text-align: center;\"><a href=\"http:\/\/www.sudoestehoje.com.br\/novoportal\/wp-content\/uploads\/2014\/04\/CESAR.jpg\"><img decoding=\"async\" class=\"aligncenter  wp-image-35804\" alt=\"CESAR\" src=\"http:\/\/www.sudoestehoje.com.br\/novoportal\/wp-content\/uploads\/2014\/04\/CESAR.jpg\" width=\"450\" \/><\/a><\/p>\n<p>O prefeito de Belo Campo C\u00e9sar Ferreira (PP) e o vice-prefeito, tiveram os mandatos cassados pela Justi\u00e7a Eleitoral. Pesa contra Ferreira e o seu vice, acusa\u00e7\u00e3o de compra de votos na Elei\u00e7\u00e3o de 2012. A den\u00fancia \u00e9 do Minist\u00e9rio P\u00fablico. Segundo informa\u00e7\u00f5es o prefeito C\u00e9sar Ferreira j\u00e1 est\u00e1 amparado para continuar no cargo at\u00e9 julgamento do m\u00e9rito no TRE.<\/p>\n<p>Em um trecho do despacho o juiz assim manifestou: (\u2026)<b><i>\u00a0<\/i><\/b>\u201c\u00a0Ante o exposto, com fincas no art. 14, \u00a7 10, da CR\/88 c\/c art. 41-A da Lei n.\u00ba 9.504\/97, julgo parcialmente procedente o pedido para desconstituir os diplomas dos impugnados eleitos C\u00c9SAR FERREIRA DOS SANTOS SILVA e ROBERTO LIMA DE LIMA, tornando insubsistentes seus mandatos e, ainda, declarando-os ineleg\u00edveis pelo prazo de 8 (oito) anos a contar desta \u00faltima elei\u00e7\u00e3o. Por conseguinte, proclamo eleitos os segundos colocados no pleito eleitoral de 2012, VIVALDO TIBO LARANJEIRA e ANT\u00d4NIO GOMES DA SILVA NETO, respectivamente, como Prefeito e Vice-Prefeito do Munic\u00edpio de Belo Campo\/BA. Julgo improcedente o pedido com rela\u00e7\u00e3o ao impugnado M\u00e1rcio Rob\u00e9rio Ferraz de Aguiar.\u00a0Sem custas.\u00a0<a href=\"http:\/\/www.blogdaresenhageral.com.br\/prefeito-de-belo-campo-e-cassado-mas-devera-continuar-no-cargo\/#more-176664\">\u2026<\/a><b><a href=\"http:\/\/www.blogdaresenhageral.com.br\/prefeito-de-belo-campo-e-cassado-mas-devera-continuar-no-cargo\/#more-176664\">Leia na \u00edntegra<\/a><\/b><\/p>\n","protected":false},"excerpt":{"rendered":"<p>O prefeito de Belo Campo C\u00e9sar Ferreira (PP) e o vice-prefeito, tiveram os mandatos cassados pela Justi\u00e7a Eleitoral. Pesa contra Ferreira e o seu vice, acusa\u00e7\u00e3o de compra de votos na Elei\u00e7\u00e3o de 2012. A den\u00fancia \u00e9 do Minist\u00e9rio P\u00fablico. Segundo informa\u00e7\u00f5es o prefeito C\u00e9sar Ferreira j\u00e1 est\u00e1 amparado para continuar no cargo at\u00e9 julgamento [&hellip;]<\/p>\n","protected":false},"author":2,"featured_media":0,"comment_status":"open","ping_status":"open","sticky":false,"template":"","format":"standard","meta":{"footnotes":"","_links_to":"","_links_to_target":""},"categories":[1],"tags":[],"class_list":["post-35803","post","type-post","status-publish","format-standard","hentry","category-geral"],"views":1426,"_links":{"self":[{"href":"https:\/\/www.sudoestehoje.com.br\/novoportal\/wp-json\/wp\/v2\/posts\/35803","targetHints":{"allow":["GET"]}}],"collection":[{"href":"https:\/\/www.sudoestehoje.com.br\/novoportal\/wp-json\/wp\/v2\/posts"}],"about":[{"href":"https:\/\/www.sudoestehoje.com.br\/novoportal\/wp-json\/wp\/v2\/types\/post"}],"author":[{"embeddable":true,"href":"https:\/\/www.sudoestehoje.com.br\/novoportal\/wp-json\/wp\/v2\/users\/2"}],"replies":[{"embeddable":true,"href":"https:\/\/www.sudoestehoje.com.br\/novoportal\/wp-json\/wp\/v2\/comments?post=35803"}],"version-history":[{"count":1,"href":"https:\/\/www.sudoestehoje.com.br\/novoportal\/wp-json\/wp\/v2\/posts\/35803\/revisions"}],"predecessor-version":[{"id":35805,"href":"https:\/\/www.sudoestehoje.com.br\/novoportal\/wp-json\/wp\/v2\/posts\/35803\/revisions\/35805"}],"wp:attachment":[{"href":"https:\/\/www.sudoestehoje.com.br\/novoportal\/wp-json\/wp\/v2\/media?parent=35803"}],"wp:term":[{"taxonomy":"category","embeddable":true,"href":"https:\/\/www.sudoestehoje.com.br\/novoportal\/wp-json\/wp\/v2\/categories?post=35803"},{"taxonomy":"post_tag","embeddable":true,"href":"https:\/\/www.sudoestehoje.com.br\/novoportal\/wp-json\/wp\/v2\/tags?post=35803"}],"curies":[{"name":"wp","href":"https:\/\/api.w.org\/{rel}","templated":true}]}}