
{"id":358,"date":"2010-08-10T10:18:20","date_gmt":"2010-08-10T13:18:20","guid":{"rendered":"http:\/\/sudoestehoje.tempsite.ws\/novoportal\/?p=358"},"modified":"2010-09-18T14:58:51","modified_gmt":"2010-09-18T17:58:51","slug":"dilma-defende-apoios-de-collor-e-sarney-no-jornal-nacional","status":"publish","type":"post","link":"https:\/\/www.sudoestehoje.com.br\/novoportal\/2010\/08\/10\/dilma-defende-apoios-de-collor-e-sarney-no-jornal-nacional\/","title":{"rendered":"DILMA DEFENDE APOIOS DE COLLOR E SARNEY NO JORNAL NACIONAL"},"content":{"rendered":"<div><a href=\"http:\/\/www.politicalivre.com.br\/wp-content\/uploads\/2010\/08\/p1008201001.jpg\"><\/p>\n<div style=\"text-align: center;\"><img loading=\"lazy\" decoding=\"async\" title=\"p1008201001\" src=\"http:\/\/www.politicalivre.com.br\/wp-content\/uploads\/2010\/08\/p1008201001-300x224.jpg\" border=\"0\" alt=\"\" width=\"300\" height=\"224\" \/><\/div>\n<p style=\"text-align: center;\">Candidata\u00a0diz que governo exige &#8220;alian\u00e7a ampla&#8221;<\/p>\n<p><\/a>A  candidata do PT \u00e0 Presid\u00eancia, Dilma Rousseff, abriu ontem o ciclo de  entrevistas ao vivo no \u201cJornal Nacional\u201d, da Rede Globo, defendendo o  arco de alian\u00e7as que a apoia. Ela disse que governar o pa\u00eds pressup\u00f5e a  necessidade de se fazer uma \u201calian\u00e7a ampla\u201d. William Bonner listou  aliados que, no passado, eram criticados pelo PT: Renan Calheiros  (PMDB-AL), Jader Barbalho (PMDB-PA), Jos\u00e9 Sarney (PMDB-AP) e Fernando  Collor (PTB-AL). \u201cQuando foi que o PT errou? Antes ou agora?\u201d,  questionou. Dilma n\u00e3o respondeu diretamente, mas disse que o PT n\u00e3o  tinha \u201ctanta experi\u00eancia\u201d de governo. \u201cO PT acertou quando percebeu a  sua capacidade de construir uma alian\u00e7a ampla\u201d, afirmou. Leia mais no <a href=\"http:\/\/oglobo.globo.com\/pais\/noblat\/\" target=\"_blank\"><span style=\"text-decoration: underline;\"><span style=\"color: #800080;\">Blog do Noblat<\/span><\/span><\/a><\/p>\n<\/div>\n","protected":false},"excerpt":{"rendered":"<p>Candidata\u00a0diz que governo exige &#8220;alian\u00e7a ampla&#8221; A candidata do PT \u00e0 Presid\u00eancia, Dilma Rousseff, abriu ontem o ciclo de entrevistas ao vivo no \u201cJornal Nacional\u201d, da Rede Globo, defendendo o arco de alian\u00e7as que a apoia. Ela disse que governar o pa\u00eds pressup\u00f5e a necessidade de se fazer uma \u201calian\u00e7a ampla\u201d. William Bonner listou aliados [&hellip;]<\/p>\n","protected":false},"author":1,"featured_media":0,"comment_status":"open","ping_status":"open","sticky":false,"template":"","format":"standard","meta":{"footnotes":"","_links_to":"","_links_to_target":""},"categories":[1],"tags":[],"class_list":["post-358","post","type-post","status-publish","format-standard","hentry","category-geral"],"views":1317,"_links":{"self":[{"href":"https:\/\/www.sudoestehoje.com.br\/novoportal\/wp-json\/wp\/v2\/posts\/358","targetHints":{"allow":["GET"]}}],"collection":[{"href":"https:\/\/www.sudoestehoje.com.br\/novoportal\/wp-json\/wp\/v2\/posts"}],"about":[{"href":"https:\/\/www.sudoestehoje.com.br\/novoportal\/wp-json\/wp\/v2\/types\/post"}],"author":[{"embeddable":true,"href":"https:\/\/www.sudoestehoje.com.br\/novoportal\/wp-json\/wp\/v2\/users\/1"}],"replies":[{"embeddable":true,"href":"https:\/\/www.sudoestehoje.com.br\/novoportal\/wp-json\/wp\/v2\/comments?post=358"}],"version-history":[{"count":1,"href":"https:\/\/www.sudoestehoje.com.br\/novoportal\/wp-json\/wp\/v2\/posts\/358\/revisions"}],"predecessor-version":[{"id":359,"href":"https:\/\/www.sudoestehoje.com.br\/novoportal\/wp-json\/wp\/v2\/posts\/358\/revisions\/359"}],"wp:attachment":[{"href":"https:\/\/www.sudoestehoje.com.br\/novoportal\/wp-json\/wp\/v2\/media?parent=358"}],"wp:term":[{"taxonomy":"category","embeddable":true,"href":"https:\/\/www.sudoestehoje.com.br\/novoportal\/wp-json\/wp\/v2\/categories?post=358"},{"taxonomy":"post_tag","embeddable":true,"href":"https:\/\/www.sudoestehoje.com.br\/novoportal\/wp-json\/wp\/v2\/tags?post=358"}],"curies":[{"name":"wp","href":"https:\/\/api.w.org\/{rel}","templated":true}]}}