
{"id":35799,"date":"2014-04-07T22:29:19","date_gmt":"2014-04-08T01:29:19","guid":{"rendered":"http:\/\/www.sudoestehoje.com.br\/novoportal\/?p=35799"},"modified":"2014-04-07T22:29:19","modified_gmt":"2014-04-08T01:29:19","slug":"sindicato-de-verdade-apresenta-serie-de-denuncias-contra-a-azaleia","status":"publish","type":"post","link":"https:\/\/www.sudoestehoje.com.br\/novoportal\/2014\/04\/07\/sindicato-de-verdade-apresenta-serie-de-denuncias-contra-a-azaleia\/","title":{"rendered":"SINDICATO DE VERDADE APRESENTA S\u00c9RIE DE DEN\u00daNCIAS CONTRA A AZAL\u00c9IA"},"content":{"rendered":"<p><a href=\"http:\/\/www.sudoestehoje.com.br\/novoportal\/wp-content\/uploads\/2014\/04\/logon-sindicato.jpg\"><img loading=\"lazy\" decoding=\"async\" class=\"size-full wp-image-35800 alignleft\" alt=\"logon sindicato\" src=\"http:\/\/www.sudoestehoje.com.br\/novoportal\/wp-content\/uploads\/2014\/04\/logon-sindicato.jpg\" width=\"199\" height=\"250\" \/><\/a><\/p>\n<p>Atrav\u00e9s de peti\u00e7\u00e3o encaminhada ao Minist\u00e9rio P\u00fablico do Trabalho, o Sindicato de Verdade apresentou den\u00fancia contra a Ind\u00fastria de Cal\u00e7ados Vulcabras\/Azal\u00e9ia, pelo n\u00e3o pagamento dos adicionais de periculosidade e insalubridades devidos a uma parcela importante dos seus empregados.<\/p>\n<p>De acordo com a den\u00fancia, os funcion\u00e1rios que atuam como caldeiristas e mec\u00e2nicos industriais, n\u00e3o v\u00eam recebendo o devido adicional de periculosidade, o mesmo ocorrendo com os matrizeiros e operadores lotados na \u00e1rea de servi\u00e7os gerais (limpeza de sanit\u00e1rios), que n\u00e3o percebem o adicional de insalubridade.<\/p>\n<p>Segundo o presidente do Sindicato, James Silva, \u00e9 necess\u00e1rio que haja uma an\u00e1lise do ambiente de trabalho dos empregados acima citados, que colocam, diuturnamente, suas vidas e integridade f\u00edsica em risco, como os mec\u00e2nicos, por exemplo, que laboram com calor excessivo e agra fria concomitantemente, com alta carga de tens\u00e3o el\u00e9trica, em alturas, elementos qu\u00edmicos perigosos, e uma s\u00e9rie de fatores a serem avaliados pelo MPT.<\/p>\n<p>Uma outra den\u00fancia foi protocolada no setor de Vigil\u00e2ncia Sanit\u00e1ria da Secretaria Municipal de Sa\u00fade, contra as p\u00e9ssimas condi\u00e7\u00f5es do refeit\u00f3rio da empresa, onde \u00e9 comum se verificar pratos mal lavados, bandejas danificadas, alimentos mal cozidos, sem contar com a enorme quantidade de gatos no refeit\u00f3rio. Ascom<\/p>\n","protected":false},"excerpt":{"rendered":"<p>Atrav\u00e9s de peti\u00e7\u00e3o encaminhada ao Minist\u00e9rio P\u00fablico do Trabalho, o Sindicato de Verdade apresentou den\u00fancia contra a Ind\u00fastria de Cal\u00e7ados Vulcabras\/Azal\u00e9ia, pelo n\u00e3o pagamento dos adicionais de periculosidade e insalubridades devidos a uma parcela importante dos seus empregados. De acordo com a den\u00fancia, os funcion\u00e1rios que atuam como caldeiristas e mec\u00e2nicos industriais, n\u00e3o v\u00eam recebendo [&hellip;]<\/p>\n","protected":false},"author":2,"featured_media":0,"comment_status":"open","ping_status":"open","sticky":false,"template":"","format":"standard","meta":{"footnotes":"","_links_to":"","_links_to_target":""},"categories":[1],"tags":[],"class_list":["post-35799","post","type-post","status-publish","format-standard","hentry","category-geral"],"views":1319,"_links":{"self":[{"href":"https:\/\/www.sudoestehoje.com.br\/novoportal\/wp-json\/wp\/v2\/posts\/35799","targetHints":{"allow":["GET"]}}],"collection":[{"href":"https:\/\/www.sudoestehoje.com.br\/novoportal\/wp-json\/wp\/v2\/posts"}],"about":[{"href":"https:\/\/www.sudoestehoje.com.br\/novoportal\/wp-json\/wp\/v2\/types\/post"}],"author":[{"embeddable":true,"href":"https:\/\/www.sudoestehoje.com.br\/novoportal\/wp-json\/wp\/v2\/users\/2"}],"replies":[{"embeddable":true,"href":"https:\/\/www.sudoestehoje.com.br\/novoportal\/wp-json\/wp\/v2\/comments?post=35799"}],"version-history":[{"count":2,"href":"https:\/\/www.sudoestehoje.com.br\/novoportal\/wp-json\/wp\/v2\/posts\/35799\/revisions"}],"predecessor-version":[{"id":35802,"href":"https:\/\/www.sudoestehoje.com.br\/novoportal\/wp-json\/wp\/v2\/posts\/35799\/revisions\/35802"}],"wp:attachment":[{"href":"https:\/\/www.sudoestehoje.com.br\/novoportal\/wp-json\/wp\/v2\/media?parent=35799"}],"wp:term":[{"taxonomy":"category","embeddable":true,"href":"https:\/\/www.sudoestehoje.com.br\/novoportal\/wp-json\/wp\/v2\/categories?post=35799"},{"taxonomy":"post_tag","embeddable":true,"href":"https:\/\/www.sudoestehoje.com.br\/novoportal\/wp-json\/wp\/v2\/tags?post=35799"}],"curies":[{"name":"wp","href":"https:\/\/api.w.org\/{rel}","templated":true}]}}