
{"id":35791,"date":"2014-04-07T11:31:02","date_gmt":"2014-04-07T14:31:02","guid":{"rendered":"http:\/\/www.sudoestehoje.com.br\/novoportal\/?p=35791"},"modified":"2014-04-07T13:54:02","modified_gmt":"2014-04-07T16:54:02","slug":"ex-defensor-dos-urubus-amaral-agora-critica-coleta-eficiente","status":"publish","type":"post","link":"https:\/\/www.sudoestehoje.com.br\/novoportal\/2014\/04\/07\/ex-defensor-dos-urubus-amaral-agora-critica-coleta-eficiente\/","title":{"rendered":"EX-DEFENSOR DOS URUBUS, AMARAL AGORA CRITICA COLETA EFICIENTE"},"content":{"rendered":"<div id=\"attachment_35793\" style=\"width: 510px\" class=\"wp-caption aligncenter\"><a href=\"http:\/\/www.sudoestehoje.com.br\/novoportal\/wp-content\/uploads\/2014\/04\/100_4937-500x375.jpg\"><img loading=\"lazy\" decoding=\"async\" aria-describedby=\"caption-attachment-35793\" class=\"size-full wp-image-35793\" alt=\"urubus\" src=\"http:\/\/www.sudoestehoje.com.br\/novoportal\/wp-content\/uploads\/2014\/04\/100_4937-500x375.jpg\" width=\"500\" height=\"375\" \/><\/a><p id=\"caption-attachment-35793\" class=\"wp-caption-text\">De 2009 a 2012, urubus infestaram a cidade, devido \u00e0 p\u00e9ssima coleta de lixo feita pela armengada &#8216;Pesad\u00e3o&#8217;, defendida com unhas e dentes por Amaral Jr., em seu programa de r\u00e1dio.<\/p><\/div>\n<p>ITAPETINGA: Na manh\u00e3 desta segunda-feira (7), em seu programa de r\u00e1dio, o vereador governista Amaral Junior voltou a atacar a Vita Ambiental, empresa contratada pela pr\u00f3pria prefeitura, para coleta de lixo no munic\u00edpio, desde janeiro de 2013, e que vem prestando um excelente servi\u00e7o.<\/p>\n<p>Segundo a cr\u00edtica do vereador\/locutor (mais locutor que vereador), a coleta de lixo nas Vilas n\u00e3o est\u00e1 sendo realizada de forma regular e que tem lixo e urubus pelas ruas desses bairros.<\/p>\n<p>Nada demais, se n\u00e3o fosse por um \u00fanico detalhe: durante todo o primeiro mandato de Z\u00e9 Carlos, quando ainda n\u00e3o era vereador, Amaral se especializou em arranjar desculpas mirabolantes para rebater as cr\u00edticas da imprensa local em rela\u00e7\u00e3o aos p\u00e9ssimos servi\u00e7os de coleta de lixo prestados pela empresa &#8216;Pesad\u00e3o&#8217;, ligada ao ex-secret\u00e1rio Zen\u00f3bio, irm\u00e3o do prefeito, mentor pol\u00edtico, &#8216;santo&#8217; protetor e financiador da campanha do pr\u00f3prio Amaral.<\/p>\n<p>Como Amaral n\u00e3o d\u00e1 &#8216;prego sem estopa&#8217;, \u00e9 preciso esclarecer que interesses mesquinhos movem o &#8216;ensaboado&#8217; edil, para bater com tanta veem\u00eancia em um parceiro importante da prefeitura . H\u00e1 informa\u00e7\u00f5es de que Amaral, a mando do seu antigo mentor, quer a volta da &#8216;Pesad\u00e3o&#8217; e seus 40 mil urubus, visando o futuro financiamento da sua reelei\u00e7\u00e3o.<\/p>\n<p>Como bem diz o comercial de TV, &#8220;nem a pau, Amaral&#8221;.<\/p>\n<p><strong><em>Por Davi Ferraz\u00a0<\/em><\/strong><\/p>\n","protected":false},"excerpt":{"rendered":"<p>ITAPETINGA: Na manh\u00e3 desta segunda-feira (7), em seu programa de r\u00e1dio, o vereador governista Amaral Junior voltou a atacar a Vita Ambiental, empresa contratada pela pr\u00f3pria prefeitura, para coleta de lixo no munic\u00edpio, desde janeiro de 2013, e que vem prestando um excelente servi\u00e7o. Segundo a cr\u00edtica do vereador\/locutor (mais locutor que vereador), a coleta [&hellip;]<\/p>\n","protected":false},"author":2,"featured_media":0,"comment_status":"open","ping_status":"open","sticky":false,"template":"","format":"standard","meta":{"footnotes":"","_links_to":"","_links_to_target":""},"categories":[1],"tags":[],"class_list":["post-35791","post","type-post","status-publish","format-standard","hentry","category-geral"],"views":1402,"_links":{"self":[{"href":"https:\/\/www.sudoestehoje.com.br\/novoportal\/wp-json\/wp\/v2\/posts\/35791","targetHints":{"allow":["GET"]}}],"collection":[{"href":"https:\/\/www.sudoestehoje.com.br\/novoportal\/wp-json\/wp\/v2\/posts"}],"about":[{"href":"https:\/\/www.sudoestehoje.com.br\/novoportal\/wp-json\/wp\/v2\/types\/post"}],"author":[{"embeddable":true,"href":"https:\/\/www.sudoestehoje.com.br\/novoportal\/wp-json\/wp\/v2\/users\/2"}],"replies":[{"embeddable":true,"href":"https:\/\/www.sudoestehoje.com.br\/novoportal\/wp-json\/wp\/v2\/comments?post=35791"}],"version-history":[{"count":5,"href":"https:\/\/www.sudoestehoje.com.br\/novoportal\/wp-json\/wp\/v2\/posts\/35791\/revisions"}],"predecessor-version":[{"id":35798,"href":"https:\/\/www.sudoestehoje.com.br\/novoportal\/wp-json\/wp\/v2\/posts\/35791\/revisions\/35798"}],"wp:attachment":[{"href":"https:\/\/www.sudoestehoje.com.br\/novoportal\/wp-json\/wp\/v2\/media?parent=35791"}],"wp:term":[{"taxonomy":"category","embeddable":true,"href":"https:\/\/www.sudoestehoje.com.br\/novoportal\/wp-json\/wp\/v2\/categories?post=35791"},{"taxonomy":"post_tag","embeddable":true,"href":"https:\/\/www.sudoestehoje.com.br\/novoportal\/wp-json\/wp\/v2\/tags?post=35791"}],"curies":[{"name":"wp","href":"https:\/\/api.w.org\/{rel}","templated":true}]}}