
{"id":35787,"date":"2014-04-07T00:48:30","date_gmt":"2014-04-07T03:48:30","guid":{"rendered":"http:\/\/www.sudoestehoje.com.br\/novoportal\/?p=35787"},"modified":"2014-04-07T00:48:30","modified_gmt":"2014-04-07T03:48:30","slug":"pesquisa-polemica-sobre-estupro-estava-errada-diz-ipea","status":"publish","type":"post","link":"https:\/\/www.sudoestehoje.com.br\/novoportal\/2014\/04\/07\/pesquisa-polemica-sobre-estupro-estava-errada-diz-ipea\/","title":{"rendered":"PESQUISA POL\u00caMICA SOBRE ESTUPRO ESTAVA ERRADA, DIZ IPEA"},"content":{"rendered":"<div id=\"attachment_35788\" style=\"width: 510px\" class=\"wp-caption aligncenter\"><a href=\"http:\/\/www.sudoestehoje.com.br\/novoportal\/wp-content\/uploads\/2014\/04\/numerospesquisaipea2.jpg\"><img loading=\"lazy\" decoding=\"async\" aria-describedby=\"caption-attachment-35788\" class=\"size-medium wp-image-35788\" alt=\"Admiss\u00e3o do erro\" src=\"http:\/\/www.sudoestehoje.com.br\/novoportal\/wp-content\/uploads\/2014\/04\/numerospesquisaipea2-500x275.jpg\" width=\"500\" height=\"275\" srcset=\"https:\/\/www.sudoestehoje.com.br\/novoportal\/wp-content\/uploads\/2014\/04\/numerospesquisaipea2-500x275.jpg 500w, https:\/\/www.sudoestehoje.com.br\/novoportal\/wp-content\/uploads\/2014\/04\/numerospesquisaipea2.jpg 620w\" sizes=\"auto, (max-width: 500px) 100vw, 500px\" \/><\/a><p id=\"caption-attachment-35788\" class=\"wp-caption-text\">Admiss\u00e3o do erro pelo IPEA, virou motivo de goza\u00e7\u00f5es e brincadeiras nas redes sociais.<\/p><\/div>\n<p>O Instituto de Pesquisa Econ\u00f4mica Aplicada (Ipea), \u00f3rg\u00e3o do governo federal, informou nesta sexta-feira (4) que errou ao divulgar na semana passada pesquisa segundo a qual 65,1% dos brasileiros concordam inteiramente ou parcialmente com a frase &#8220;Mulheres que usam roupas que mostram o corpo merecem ser atacadas&#8221;. De acordo com o instituto, o percentual correto \u00e9 26%.<\/p>\n<p>O diretor de Estudos e Pol\u00edticas Sociais do Ipea, o cientista social Rafael Guerreiro Os\u00f3rio, pediu exonera\u00e7\u00e3o assim que o erro foi constatado, informou o instituto. Os\u00f3rio ingressou no Ipea em 1999 e \u00e9 autor de estudos sobre mobilidade social, desigualdade e pobreza.<\/p>\n<p>A pesquisa divulgada com erro \u00e9 intitulada &#8220;Toler\u00e2ncia social \u00e0 viol\u00eancia contra as mulheres&#8221; e teve ampla repercuss\u00e3o. A presidente Dilma Rousseff chegou a comentar por meio do microblog Twitter. Com base nos dados da pesquisa, ela disse que o pa\u00eds tem &#8220;muito o que avan\u00e7ar no combate \u00e0 viol\u00eancia contra a mulher&#8221;.<\/p>\n<p>Em raz\u00e3o da pesquisa, a jornalista Nana Queiroz, de Bras\u00edlia, lan\u00e7ou um protesto chamado &#8220;Eu n\u00e3o mere\u00e7o ser estuprada&#8221;, que se espalhou pelas redes sociais, com fotos de homens e mulheres reproduzindo a frase em fotos pessoais. Pelo Twitter, ela disse que foi amea\u00e7ada de estupro devido \u00e0 repercuss\u00e3o da campanha e recebeu a solidariedade de Dilma. A ministra da Secretaria de Pol\u00edticas para as Mulheres, Eleonora Menicucci, tamb\u00e9m aderiu \u00e0 campanha e publicou foto com os dizeres &#8220;As mulheres n\u00e3o merecem ser estupradas&#8221;. (G1)<\/p>\n","protected":false},"excerpt":{"rendered":"<p>O Instituto de Pesquisa Econ\u00f4mica Aplicada (Ipea), \u00f3rg\u00e3o do governo federal, informou nesta sexta-feira (4) que errou ao divulgar na semana passada pesquisa segundo a qual 65,1% dos brasileiros concordam inteiramente ou parcialmente com a frase &#8220;Mulheres que usam roupas que mostram o corpo merecem ser atacadas&#8221;. De acordo com o instituto, o percentual correto [&hellip;]<\/p>\n","protected":false},"author":2,"featured_media":0,"comment_status":"open","ping_status":"open","sticky":false,"template":"","format":"standard","meta":{"footnotes":"","_links_to":"","_links_to_target":""},"categories":[1],"tags":[],"class_list":["post-35787","post","type-post","status-publish","format-standard","hentry","category-geral"],"views":1307,"_links":{"self":[{"href":"https:\/\/www.sudoestehoje.com.br\/novoportal\/wp-json\/wp\/v2\/posts\/35787","targetHints":{"allow":["GET"]}}],"collection":[{"href":"https:\/\/www.sudoestehoje.com.br\/novoportal\/wp-json\/wp\/v2\/posts"}],"about":[{"href":"https:\/\/www.sudoestehoje.com.br\/novoportal\/wp-json\/wp\/v2\/types\/post"}],"author":[{"embeddable":true,"href":"https:\/\/www.sudoestehoje.com.br\/novoportal\/wp-json\/wp\/v2\/users\/2"}],"replies":[{"embeddable":true,"href":"https:\/\/www.sudoestehoje.com.br\/novoportal\/wp-json\/wp\/v2\/comments?post=35787"}],"version-history":[{"count":1,"href":"https:\/\/www.sudoestehoje.com.br\/novoportal\/wp-json\/wp\/v2\/posts\/35787\/revisions"}],"predecessor-version":[{"id":35789,"href":"https:\/\/www.sudoestehoje.com.br\/novoportal\/wp-json\/wp\/v2\/posts\/35787\/revisions\/35789"}],"wp:attachment":[{"href":"https:\/\/www.sudoestehoje.com.br\/novoportal\/wp-json\/wp\/v2\/media?parent=35787"}],"wp:term":[{"taxonomy":"category","embeddable":true,"href":"https:\/\/www.sudoestehoje.com.br\/novoportal\/wp-json\/wp\/v2\/categories?post=35787"},{"taxonomy":"post_tag","embeddable":true,"href":"https:\/\/www.sudoestehoje.com.br\/novoportal\/wp-json\/wp\/v2\/tags?post=35787"}],"curies":[{"name":"wp","href":"https:\/\/api.w.org\/{rel}","templated":true}]}}