
{"id":35773,"date":"2014-04-06T23:09:34","date_gmt":"2014-04-07T02:09:34","guid":{"rendered":"http:\/\/www.sudoestehoje.com.br\/novoportal\/?p=35773"},"modified":"2014-04-06T23:56:05","modified_gmt":"2014-04-07T02:56:05","slug":"vereadores-de-ibicoara-morrem-em-acidente-de-carro-na-br-242","status":"publish","type":"post","link":"https:\/\/www.sudoestehoje.com.br\/novoportal\/2014\/04\/06\/vereadores-de-ibicoara-morrem-em-acidente-de-carro-na-br-242\/","title":{"rendered":"VEREADORES DE IBICOARA MORREM EM ACIDENTE DE CARRO NA BR-242"},"content":{"rendered":"<p style=\"text-align: center;\"><a href=\"http:\/\/www.sudoestehoje.com.br\/novoportal\/wp-content\/uploads\/2014\/04\/vereadores1.jpg\"><img decoding=\"async\" class=\"aligncenter  wp-image-35774\" alt=\"vereadores\" src=\"http:\/\/www.sudoestehoje.com.br\/novoportal\/wp-content\/uploads\/2014\/04\/vereadores1.jpg\" width=\"450\" \/><\/a><\/p>\n<p>Dois vereadores da cidade de Ibicoara, no sudoeste baiano, morreram em um acidente de carro na tarde de s\u00e1bado (05) na BR-242, entre os munic\u00edpios de Itaberaba e Andara\u00ed.\u00a0De acordo com a Pol\u00edcia Rodovi\u00e1ria Federal (PRF), o vereador Ricardo Silva Luz, morreu no local. O tamb\u00e9m vereador Renan de S\u00e1 Teles Pina chegou a ser atendido mas morreu no caminho do hospital.<\/p>\n<p>Outro vereador que tamb\u00e9m estava no ve\u00edculo, Arionildo Oliveira foi levado para o Hospital Geral de Itaberaba, onde ficou internado por cerca de duas horas, segundo informa\u00e7\u00f5es da unidade de sa\u00fade.\u00a0 Ele foi transferido para um hospital de Vit\u00f3ria da Conquista, mas n\u00e3o h\u00e1 informa\u00e7\u00f5es sobre o nome do hospital que o vereador foi encaminhado.<\/p>\n<p style=\"text-align: center;\"><a href=\"http:\/\/www.sudoestehoje.com.br\/novoportal\/wp-content\/uploads\/2014\/04\/VEREADORES-AC.jpg\"><img decoding=\"async\" class=\"aligncenter  wp-image-35780\" alt=\"VEREADORES AC\" src=\"http:\/\/www.sudoestehoje.com.br\/novoportal\/wp-content\/uploads\/2014\/04\/VEREADORES-AC-500x295.jpg\" width=\"450\" srcset=\"https:\/\/www.sudoestehoje.com.br\/novoportal\/wp-content\/uploads\/2014\/04\/VEREADORES-AC-500x295.jpg 500w, https:\/\/www.sudoestehoje.com.br\/novoportal\/wp-content\/uploads\/2014\/04\/VEREADORES-AC-700x413.jpg 700w, https:\/\/www.sudoestehoje.com.br\/novoportal\/wp-content\/uploads\/2014\/04\/VEREADORES-AC.jpg 720w\" sizes=\"(max-width: 500px) 100vw, 500px\" \/><\/a><\/p>\n<p>Ainda de acordo com a pol\u00edcia,os tr\u00eas vereadores retornavam para Ibicoara depois da participa\u00e7\u00e3o no evento do Partido dos Trabalhadores de constru\u00e7\u00e3o do Programa de Governo Participativo (PGP) do pr\u00e9-candidato Rui Costa, em Itaberaba, quando um outro ve\u00edculo fez uma ultrapassagem e colidiu de frente com o carro dos vereadores.<\/p>\n","protected":false},"excerpt":{"rendered":"<p>Dois vereadores da cidade de Ibicoara, no sudoeste baiano, morreram em um acidente de carro na tarde de s\u00e1bado (05) na BR-242, entre os munic\u00edpios de Itaberaba e Andara\u00ed.\u00a0De acordo com a Pol\u00edcia Rodovi\u00e1ria Federal (PRF), o vereador Ricardo Silva Luz, morreu no local. O tamb\u00e9m vereador Renan de S\u00e1 Teles Pina chegou a ser [&hellip;]<\/p>\n","protected":false},"author":2,"featured_media":0,"comment_status":"open","ping_status":"open","sticky":false,"template":"","format":"standard","meta":{"footnotes":"","_links_to":"","_links_to_target":""},"categories":[1],"tags":[],"class_list":["post-35773","post","type-post","status-publish","format-standard","hentry","category-geral"],"views":3399,"_links":{"self":[{"href":"https:\/\/www.sudoestehoje.com.br\/novoportal\/wp-json\/wp\/v2\/posts\/35773","targetHints":{"allow":["GET"]}}],"collection":[{"href":"https:\/\/www.sudoestehoje.com.br\/novoportal\/wp-json\/wp\/v2\/posts"}],"about":[{"href":"https:\/\/www.sudoestehoje.com.br\/novoportal\/wp-json\/wp\/v2\/types\/post"}],"author":[{"embeddable":true,"href":"https:\/\/www.sudoestehoje.com.br\/novoportal\/wp-json\/wp\/v2\/users\/2"}],"replies":[{"embeddable":true,"href":"https:\/\/www.sudoestehoje.com.br\/novoportal\/wp-json\/wp\/v2\/comments?post=35773"}],"version-history":[{"count":4,"href":"https:\/\/www.sudoestehoje.com.br\/novoportal\/wp-json\/wp\/v2\/posts\/35773\/revisions"}],"predecessor-version":[{"id":35782,"href":"https:\/\/www.sudoestehoje.com.br\/novoportal\/wp-json\/wp\/v2\/posts\/35773\/revisions\/35782"}],"wp:attachment":[{"href":"https:\/\/www.sudoestehoje.com.br\/novoportal\/wp-json\/wp\/v2\/media?parent=35773"}],"wp:term":[{"taxonomy":"category","embeddable":true,"href":"https:\/\/www.sudoestehoje.com.br\/novoportal\/wp-json\/wp\/v2\/categories?post=35773"},{"taxonomy":"post_tag","embeddable":true,"href":"https:\/\/www.sudoestehoje.com.br\/novoportal\/wp-json\/wp\/v2\/tags?post=35773"}],"curies":[{"name":"wp","href":"https:\/\/api.w.org\/{rel}","templated":true}]}}