
{"id":35763,"date":"2014-04-06T20:02:52","date_gmt":"2014-04-06T23:02:52","guid":{"rendered":"http:\/\/www.sudoestehoje.com.br\/novoportal\/?p=35763"},"modified":"2014-04-06T21:20:20","modified_gmt":"2014-04-07T00:20:20","slug":"saude-de-araque","status":"publish","type":"post","link":"https:\/\/www.sudoestehoje.com.br\/novoportal\/2014\/04\/06\/saude-de-araque\/","title":{"rendered":"SA\u00daDE DE ARAQUE"},"content":{"rendered":"<div id=\"attachment_35764\" style=\"width: 510px\" class=\"wp-caption aligncenter\"><a href=\"http:\/\/www.sudoestehoje.com.br\/novoportal\/wp-content\/uploads\/2014\/04\/requisi\u00e7\u00e3o.jpg\"><img loading=\"lazy\" decoding=\"async\" aria-describedby=\"caption-attachment-35764\" class=\"size-medium wp-image-35764\" alt=\"Paciente\" src=\"http:\/\/www.sudoestehoje.com.br\/novoportal\/wp-content\/uploads\/2014\/04\/requisi\u00e7\u00e3o-500x375.jpg\" width=\"500\" height=\"375\" srcset=\"https:\/\/www.sudoestehoje.com.br\/novoportal\/wp-content\/uploads\/2014\/04\/requisi\u00e7\u00e3o-500x375.jpg 500w, https:\/\/www.sudoestehoje.com.br\/novoportal\/wp-content\/uploads\/2014\/04\/requisi\u00e7\u00e3o-700x525.jpg 700w, https:\/\/www.sudoestehoje.com.br\/novoportal\/wp-content\/uploads\/2014\/04\/requisi\u00e7\u00e3o.jpg 960w\" sizes=\"auto, (max-width: 500px) 100vw, 500px\" \/><\/a><p id=\"caption-attachment-35764\" class=\"wp-caption-text\">Paciente com dor abdominal esperou desde 2011 por uma ultrassonografia atrav\u00e9s da CDM e n\u00e3o conseguiu. O procedimento foi realizado na Feira de Sa\u00fade da FJS, neste s\u00e1bado, sem qualquer burocracia. Foto Sudoeste Hoje<\/p><\/div>\n<p>ITAPETINGA: Durante a realiza\u00e7\u00e3o da 2\u00aa Feira de Sa\u00fade da Funda\u00e7\u00e3o Jos\u00e9 Silveira, neste s\u00e1bado, a vereadora Naara Duarte foi procurada por uma senhora que portava uma &#8216;Solicita\u00e7\u00e3o de Procedimento&#8217; expedida pela CDM de Itapetinga, datada de 05 de novembro de 2011, &#8220;autorizando&#8221; a realiza\u00e7\u00e3o de um exame de Ultrassonografia, que nunca foi realizado.<\/p>\n<p>Com dores no abd\u00f4men, a paciente penou por dois anos e 4 meses, sem conseguir o procedimento, que foi autorizado &#8220;de araque&#8221;, pela Secretaria Municipal de Sa\u00fade, como de costume. A ultrassonografia que a paciente tanto esperou, foi realizada na hora pela Funda\u00e7\u00e3o Jos\u00e9 Silveira, sem nenhuma dificuldade.<\/p>\n<p>Assim como ela, s\u00e3o milhares de itapetinguenses que buscam atendimento atrav\u00e9s da Secretaria Municipal de Sa\u00fade, sem jamais conseguir, uma vez que os recursos da secretaria s\u00e3o consumidos pelo ralo da corrup\u00e7\u00e3o, atrav\u00e9s da contrata\u00e7\u00e3o de dezenas de empresas fantasmas e em licita\u00e7\u00f5es suspeitas para compras de milhares de pneus, agua mineral para abastecer as reparti\u00e7\u00f5es municipais por mais de 10 anos e outras mazelas denunciadas por este blog.<\/p>\n<p>O prefeito Z\u00e9 Carlos e sua secret\u00e1ria de fachada deveriam ter vergonha de um fato como este e tantos outros. Sa\u00fade de araque, \u00e9 o que temos em Itapetinga.<\/p>\n<p><strong><em>Por Davi Ferraz<\/em><\/strong><\/p>\n","protected":false},"excerpt":{"rendered":"<p>ITAPETINGA: Durante a realiza\u00e7\u00e3o da 2\u00aa Feira de Sa\u00fade da Funda\u00e7\u00e3o Jos\u00e9 Silveira, neste s\u00e1bado, a vereadora Naara Duarte foi procurada por uma senhora que portava uma &#8216;Solicita\u00e7\u00e3o de Procedimento&#8217; expedida pela CDM de Itapetinga, datada de 05 de novembro de 2011, &#8220;autorizando&#8221; a realiza\u00e7\u00e3o de um exame de Ultrassonografia, que nunca foi realizado. Com [&hellip;]<\/p>\n","protected":false},"author":2,"featured_media":0,"comment_status":"open","ping_status":"open","sticky":false,"template":"","format":"standard","meta":{"footnotes":"","_links_to":"","_links_to_target":""},"categories":[1],"tags":[],"class_list":["post-35763","post","type-post","status-publish","format-standard","hentry","category-geral"],"views":1670,"_links":{"self":[{"href":"https:\/\/www.sudoestehoje.com.br\/novoportal\/wp-json\/wp\/v2\/posts\/35763","targetHints":{"allow":["GET"]}}],"collection":[{"href":"https:\/\/www.sudoestehoje.com.br\/novoportal\/wp-json\/wp\/v2\/posts"}],"about":[{"href":"https:\/\/www.sudoestehoje.com.br\/novoportal\/wp-json\/wp\/v2\/types\/post"}],"author":[{"embeddable":true,"href":"https:\/\/www.sudoestehoje.com.br\/novoportal\/wp-json\/wp\/v2\/users\/2"}],"replies":[{"embeddable":true,"href":"https:\/\/www.sudoestehoje.com.br\/novoportal\/wp-json\/wp\/v2\/comments?post=35763"}],"version-history":[{"count":4,"href":"https:\/\/www.sudoestehoje.com.br\/novoportal\/wp-json\/wp\/v2\/posts\/35763\/revisions"}],"predecessor-version":[{"id":35770,"href":"https:\/\/www.sudoestehoje.com.br\/novoportal\/wp-json\/wp\/v2\/posts\/35763\/revisions\/35770"}],"wp:attachment":[{"href":"https:\/\/www.sudoestehoje.com.br\/novoportal\/wp-json\/wp\/v2\/media?parent=35763"}],"wp:term":[{"taxonomy":"category","embeddable":true,"href":"https:\/\/www.sudoestehoje.com.br\/novoportal\/wp-json\/wp\/v2\/categories?post=35763"},{"taxonomy":"post_tag","embeddable":true,"href":"https:\/\/www.sudoestehoje.com.br\/novoportal\/wp-json\/wp\/v2\/tags?post=35763"}],"curies":[{"name":"wp","href":"https:\/\/api.w.org\/{rel}","templated":true}]}}