
{"id":35755,"date":"2014-04-06T14:21:21","date_gmt":"2014-04-06T17:21:21","guid":{"rendered":"http:\/\/www.sudoestehoje.com.br\/novoportal\/?p=35755"},"modified":"2014-04-07T00:16:06","modified_gmt":"2014-04-07T03:16:06","slug":"fundacao-jose-silveira-realiza-com-sucesso-a-2a-feira-de-saude","status":"publish","type":"post","link":"https:\/\/www.sudoestehoje.com.br\/novoportal\/2014\/04\/06\/fundacao-jose-silveira-realiza-com-sucesso-a-2a-feira-de-saude\/","title":{"rendered":"FUNDA\u00c7\u00c3O JOS\u00c9 SILVEIRA REALIZA COM SUCESSO A 2\u00aa FEIRA DE SA\u00daDE"},"content":{"rendered":"<p><img decoding=\"async\" class=\"aligncenter\" alt=\"\" src=\"https:\/\/scontent-a-mia.xx.fbcdn.net\/hphotos-frc1\/t1.0-9\/10174882_610513539040051_1787120931_n.jpg\" width=\"500\" \/><\/p>\n<p>No per\u00edodo de 04 a 06 de abril, a Funda\u00e7\u00e3o Jos\u00e9 Silveira realizou em Itapetinga, a sua 2\u00aa Feira de Sa\u00fade no munic\u00edpio, atendendo pessoas carentes de toda a regi\u00e3o, em diversas especialidades, como\u00a0cardiologia, urologia, odontologia, cl\u00ednica m\u00e9dica, pediatria, ginecologia, oftalmologia e nutri\u00e7\u00e3o, al\u00e9m de exames de ultrassonografia, eletrocardiograma, preventivo ginecol\u00f3gico, teste de glicemia, aferi\u00e7\u00e3o de press\u00e3o arterial e orienta\u00e7\u00f5es para preven\u00e7\u00e3o do c\u00e2ncer de mama e pr\u00f3stata.<\/p>\n<p><img decoding=\"async\" class=\"aligncenter\" alt=\"\" src=\"https:\/\/scontent-b-mia.xx.fbcdn.net\/hphotos-frc1\/t1.0-9\/10155118_610513119040093_1437727551_n.jpg\" width=\"500\" \/><\/p>\n<p>Segundo os organizadores, cerca de 3 mil pessoas foram atendidas nos tr\u00eas dias de realiza\u00e7\u00e3o da Feira, o que demonstra a car\u00eancia no setor de sa\u00fade p\u00fablica no munic\u00edpio, onde simples exames de rotina que poderiam ser realizados nas Unidades de Sa\u00fade da Fam\u00edlia, n\u00e3o s\u00e3o acess\u00edveis \u00e0 maioria da popula\u00e7\u00e3o.<\/p>\n<p><img decoding=\"async\" class=\"aligncenter\" alt=\"\" src=\"https:\/\/fbcdn-sphotos-g-a.akamaihd.net\/hphotos-ak-frc3\/t1.0-9\/1510702_610513802373358_1688016113_n.jpg\" width=\"500\" \/><\/p>\n<p>\u00c9 preciso destacar que a iniciativa das Feiras de Sa\u00fade da Funda\u00e7\u00e3o Jos\u00e9 Silveira deve-se \u00e0 incans\u00e1vel luta do coordenador da FJS\/HCR, Dr. Leonardo Matos, e o apoio integral do deputado federal Ant\u00f4nio Brito, presidente da\u00a0Confedera\u00e7\u00e3o Internacional de\u00a0Santas Casas\u00a0de Miseric\u00f3rdia.<\/p>\n<p>Confira as fotos:<!--more--><\/p>\n<p><img decoding=\"async\" class=\"aligncenter\" alt=\"\" src=\"https:\/\/scontent-a-mia.xx.fbcdn.net\/hphotos-prn1\/t1.0-9\/1017738_610514002373338_1105812005_n.jpg\" width=\"500\" \/><\/p>\n<p><img decoding=\"async\" class=\"aligncenter\" alt=\"\" src=\"https:\/\/fbcdn-sphotos-d-a.akamaihd.net\/hphotos-ak-prn2\/t1.0-9\/1621761_610516279039777_596111304_n.jpg\" width=\"500\" \/><\/p>\n<p><img decoding=\"async\" class=\"aligncenter\" alt=\"\" src=\"https:\/\/fbcdn-sphotos-f-a.akamaihd.net\/hphotos-ak-ash3\/t1.0-9\/1005455_610517699039635_1849649177_n.jpg\" width=\"500\" \/><\/p>\n<p><img decoding=\"async\" class=\"aligncenter\" alt=\"\" src=\"https:\/\/fbcdn-sphotos-f-a.akamaihd.net\/hphotos-ak-ash4\/t1.0-9\/10177443_610529332371805_2104686658_n.jpg\" width=\"500\" \/><\/p>\n<p><img decoding=\"async\" class=\"aligncenter\" alt=\"\" src=\"https:\/\/fbcdn-sphotos-h-a.akamaihd.net\/hphotos-ak-frc3\/t1.0-9\/10151742_610529585705113_615063501_n.jpg\" width=\"500\" \/><\/p>\n<p><img decoding=\"async\" class=\"aligncenter\" alt=\"\" src=\"https:\/\/scontent-a-mia.xx.fbcdn.net\/hphotos-prn2\/t1.0-9\/10175067_610513675706704_416369767_n.jpg\" width=\"500\" \/><\/p>\n<p><img decoding=\"async\" class=\"aligncenter\" alt=\"\" src=\"https:\/\/fbcdn-sphotos-h-a.akamaihd.net\/hphotos-ak-prn2\/t1.0-9\/10156109_610520315706040_1609547816_n.jpg\" width=\"500\" \/><\/p>\n<p><img decoding=\"async\" class=\"aligncenter\" alt=\"\" src=\"https:\/\/scontent-b-mia.xx.fbcdn.net\/hphotos-frc1\/t1.0-9\/10155072_610527285705343_243141324_n.jpg\" width=\"500\" \/><\/p>\n<p><img decoding=\"async\" class=\"aligncenter\" alt=\"\" src=\"https:\/\/scontent-a-mia.xx.fbcdn.net\/hphotos-ash3\/t1.0-9\/1011782_610524945705577_1060559417_n.jpg\" width=\"500\" \/><\/p>\n<p>&nbsp;<\/p>\n","protected":false},"excerpt":{"rendered":"<p>No per\u00edodo de 04 a 06 de abril, a Funda\u00e7\u00e3o Jos\u00e9 Silveira realizou em Itapetinga, a sua 2\u00aa Feira de Sa\u00fade no munic\u00edpio, atendendo pessoas carentes de toda a regi\u00e3o, em diversas especialidades, como\u00a0cardiologia, urologia, odontologia, cl\u00ednica m\u00e9dica, pediatria, ginecologia, oftalmologia e nutri\u00e7\u00e3o, al\u00e9m de exames de ultrassonografia, eletrocardiograma, preventivo ginecol\u00f3gico, teste de glicemia, aferi\u00e7\u00e3o [&hellip;]<\/p>\n","protected":false},"author":2,"featured_media":0,"comment_status":"open","ping_status":"open","sticky":false,"template":"","format":"standard","meta":{"footnotes":"","_links_to":"","_links_to_target":""},"categories":[1],"tags":[],"class_list":["post-35755","post","type-post","status-publish","format-standard","hentry","category-geral"],"views":1365,"_links":{"self":[{"href":"https:\/\/www.sudoestehoje.com.br\/novoportal\/wp-json\/wp\/v2\/posts\/35755","targetHints":{"allow":["GET"]}}],"collection":[{"href":"https:\/\/www.sudoestehoje.com.br\/novoportal\/wp-json\/wp\/v2\/posts"}],"about":[{"href":"https:\/\/www.sudoestehoje.com.br\/novoportal\/wp-json\/wp\/v2\/types\/post"}],"author":[{"embeddable":true,"href":"https:\/\/www.sudoestehoje.com.br\/novoportal\/wp-json\/wp\/v2\/users\/2"}],"replies":[{"embeddable":true,"href":"https:\/\/www.sudoestehoje.com.br\/novoportal\/wp-json\/wp\/v2\/comments?post=35755"}],"version-history":[{"count":2,"href":"https:\/\/www.sudoestehoje.com.br\/novoportal\/wp-json\/wp\/v2\/posts\/35755\/revisions"}],"predecessor-version":[{"id":35786,"href":"https:\/\/www.sudoestehoje.com.br\/novoportal\/wp-json\/wp\/v2\/posts\/35755\/revisions\/35786"}],"wp:attachment":[{"href":"https:\/\/www.sudoestehoje.com.br\/novoportal\/wp-json\/wp\/v2\/media?parent=35755"}],"wp:term":[{"taxonomy":"category","embeddable":true,"href":"https:\/\/www.sudoestehoje.com.br\/novoportal\/wp-json\/wp\/v2\/categories?post=35755"},{"taxonomy":"post_tag","embeddable":true,"href":"https:\/\/www.sudoestehoje.com.br\/novoportal\/wp-json\/wp\/v2\/tags?post=35755"}],"curies":[{"name":"wp","href":"https:\/\/api.w.org\/{rel}","templated":true}]}}