
{"id":35751,"date":"2014-04-05T14:26:22","date_gmt":"2014-04-05T17:26:22","guid":{"rendered":"http:\/\/www.sudoestehoje.com.br\/novoportal\/?p=35751"},"modified":"2014-04-05T14:26:22","modified_gmt":"2014-04-05T17:26:22","slug":"morre-o-ator-e-diretor-jose-wilker","status":"publish","type":"post","link":"https:\/\/www.sudoestehoje.com.br\/novoportal\/2014\/04\/05\/morre-o-ator-e-diretor-jose-wilker\/","title":{"rendered":"MORRE O ATOR E DIRETOR JOS\u00c9 WILKER"},"content":{"rendered":"<p><a href=\"http:\/\/www.sudoestehoje.com.br\/novoportal\/wp-content\/uploads\/2014\/04\/size_590_jos\u00e9-wilker.jpg\"><img loading=\"lazy\" decoding=\"async\" class=\"aligncenter size-medium wp-image-35752\" alt=\"size_590_jos\u00e9-wilker\" src=\"http:\/\/www.sudoestehoje.com.br\/novoportal\/wp-content\/uploads\/2014\/04\/size_590_jos\u00e9-wilker-500x374.jpg\" width=\"500\" height=\"374\" srcset=\"https:\/\/www.sudoestehoje.com.br\/novoportal\/wp-content\/uploads\/2014\/04\/size_590_jos\u00e9-wilker-500x374.jpg 500w, https:\/\/www.sudoestehoje.com.br\/novoportal\/wp-content\/uploads\/2014\/04\/size_590_jos\u00e9-wilker.jpg 590w\" sizes=\"auto, (max-width: 500px) 100vw, 500px\" \/><\/a><\/p>\n<p>Ator, diretor, cr\u00edtico de cinema, Jos\u00e9 Wilker morreu neste s\u00e1bado, 5, no Rio de Janeiro, aos 66 anos. Ele estava em casa com a namorada, a jornalista Claudia Montenegro, quando se sentiu mal &#8211; n\u00e3o teve tempo de ser hospitalizado. A causa da morte foi uma parada card\u00edaca. Cearense radicado no Rio desde a juventude, Wilker teve duas filhas, Isabel, com a atriz M\u00f4nica Torres, e Mariana, com a atriz Ren\u00e9e de Vielmond.<\/p>\n","protected":false},"excerpt":{"rendered":"<p>Ator, diretor, cr\u00edtico de cinema, Jos\u00e9 Wilker morreu neste s\u00e1bado, 5, no Rio de Janeiro, aos 66 anos. Ele estava em casa com a namorada, a jornalista Claudia Montenegro, quando se sentiu mal &#8211; n\u00e3o teve tempo de ser hospitalizado. A causa da morte foi uma parada card\u00edaca. Cearense radicado no Rio desde a juventude, [&hellip;]<\/p>\n","protected":false},"author":2,"featured_media":0,"comment_status":"open","ping_status":"open","sticky":false,"template":"","format":"standard","meta":{"footnotes":"","_links_to":"","_links_to_target":""},"categories":[1],"tags":[],"class_list":["post-35751","post","type-post","status-publish","format-standard","hentry","category-geral"],"views":1576,"_links":{"self":[{"href":"https:\/\/www.sudoestehoje.com.br\/novoportal\/wp-json\/wp\/v2\/posts\/35751","targetHints":{"allow":["GET"]}}],"collection":[{"href":"https:\/\/www.sudoestehoje.com.br\/novoportal\/wp-json\/wp\/v2\/posts"}],"about":[{"href":"https:\/\/www.sudoestehoje.com.br\/novoportal\/wp-json\/wp\/v2\/types\/post"}],"author":[{"embeddable":true,"href":"https:\/\/www.sudoestehoje.com.br\/novoportal\/wp-json\/wp\/v2\/users\/2"}],"replies":[{"embeddable":true,"href":"https:\/\/www.sudoestehoje.com.br\/novoportal\/wp-json\/wp\/v2\/comments?post=35751"}],"version-history":[{"count":1,"href":"https:\/\/www.sudoestehoje.com.br\/novoportal\/wp-json\/wp\/v2\/posts\/35751\/revisions"}],"predecessor-version":[{"id":35753,"href":"https:\/\/www.sudoestehoje.com.br\/novoportal\/wp-json\/wp\/v2\/posts\/35751\/revisions\/35753"}],"wp:attachment":[{"href":"https:\/\/www.sudoestehoje.com.br\/novoportal\/wp-json\/wp\/v2\/media?parent=35751"}],"wp:term":[{"taxonomy":"category","embeddable":true,"href":"https:\/\/www.sudoestehoje.com.br\/novoportal\/wp-json\/wp\/v2\/categories?post=35751"},{"taxonomy":"post_tag","embeddable":true,"href":"https:\/\/www.sudoestehoje.com.br\/novoportal\/wp-json\/wp\/v2\/tags?post=35751"}],"curies":[{"name":"wp","href":"https:\/\/api.w.org\/{rel}","templated":true}]}}