
{"id":35696,"date":"2014-04-03T00:34:37","date_gmt":"2014-04-03T03:34:37","guid":{"rendered":"http:\/\/www.sudoestehoje.com.br\/novoportal\/?p=35696"},"modified":"2014-04-03T00:36:23","modified_gmt":"2014-04-03T03:36:23","slug":"morre-em-salvador-o-jovem-itapetinguense-nilson-alves-junior","status":"publish","type":"post","link":"https:\/\/www.sudoestehoje.com.br\/novoportal\/2014\/04\/03\/morre-em-salvador-o-jovem-itapetinguense-nilson-alves-junior\/","title":{"rendered":"MORRE EM SALVADOR O JOVEM ITAPETINGUENSE NILSON ALVES JUNIOR"},"content":{"rendered":"<p><a href=\"http:\/\/www.sudoestehoje.com.br\/novoportal\/wp-content\/uploads\/2014\/04\/NILSON.jpg\"><img loading=\"lazy\" decoding=\"async\" class=\"aligncenter size-medium wp-image-35697\" alt=\"NILSON\" src=\"http:\/\/www.sudoestehoje.com.br\/novoportal\/wp-content\/uploads\/2014\/04\/NILSON-500x375.jpg\" width=\"500\" height=\"375\" srcset=\"https:\/\/www.sudoestehoje.com.br\/novoportal\/wp-content\/uploads\/2014\/04\/NILSON-500x375.jpg 500w, https:\/\/www.sudoestehoje.com.br\/novoportal\/wp-content\/uploads\/2014\/04\/NILSON-700x525.jpg 700w, https:\/\/www.sudoestehoje.com.br\/novoportal\/wp-content\/uploads\/2014\/04\/NILSON.jpg 960w\" sizes=\"auto, (max-width: 500px) 100vw, 500px\" \/><\/a><\/p>\n<p>Faleceu, na tarde desta quarta-feira, o itapetinguense Nilson Alves Junior, de 42 anos, que se encontrava hospitalizado em Salvador, para tratamento de um c\u00e2ncer no est\u00f4mago. Nilson J\u00fanior era casado e pai de um filho de 12 anos, sendo muito querido em Itapetinga, onde deixou in\u00fameros amigos.<\/p>\n<p>Segundo informa\u00e7\u00f5es de familiares, o corpo est\u00e1 sendo trasladado de Salvador para Itapetinga e dever\u00e1 ser velado no Cerimonial Pax Perfei\u00e7\u00e3o, localizado na Avenida Cinquenten\u00e1rio. O hor\u00e1rio do sepultamento ainda n\u00e3o foi informado pela fam\u00edlia.<\/p>\n<p>O Sudoeste Hoje, atrav\u00e9s do seu editor, manifesta \u00e0 fam\u00edlia enlutada os seus sentimentos, pelo passamento do jovem amigo.<\/p>\n<p><strong><em>Davi Ferraz &#8211; Editor\u00a0<\/em><\/strong><\/p>\n","protected":false},"excerpt":{"rendered":"<p>Faleceu, na tarde desta quarta-feira, o itapetinguense Nilson Alves Junior, de 42 anos, que se encontrava hospitalizado em Salvador, para tratamento de um c\u00e2ncer no est\u00f4mago. Nilson J\u00fanior era casado e pai de um filho de 12 anos, sendo muito querido em Itapetinga, onde deixou in\u00fameros amigos. Segundo informa\u00e7\u00f5es de familiares, o corpo est\u00e1 sendo [&hellip;]<\/p>\n","protected":false},"author":2,"featured_media":0,"comment_status":"open","ping_status":"open","sticky":false,"template":"","format":"standard","meta":{"footnotes":"","_links_to":"","_links_to_target":""},"categories":[1],"tags":[],"class_list":["post-35696","post","type-post","status-publish","format-standard","hentry","category-geral"],"views":1943,"_links":{"self":[{"href":"https:\/\/www.sudoestehoje.com.br\/novoportal\/wp-json\/wp\/v2\/posts\/35696","targetHints":{"allow":["GET"]}}],"collection":[{"href":"https:\/\/www.sudoestehoje.com.br\/novoportal\/wp-json\/wp\/v2\/posts"}],"about":[{"href":"https:\/\/www.sudoestehoje.com.br\/novoportal\/wp-json\/wp\/v2\/types\/post"}],"author":[{"embeddable":true,"href":"https:\/\/www.sudoestehoje.com.br\/novoportal\/wp-json\/wp\/v2\/users\/2"}],"replies":[{"embeddable":true,"href":"https:\/\/www.sudoestehoje.com.br\/novoportal\/wp-json\/wp\/v2\/comments?post=35696"}],"version-history":[{"count":3,"href":"https:\/\/www.sudoestehoje.com.br\/novoportal\/wp-json\/wp\/v2\/posts\/35696\/revisions"}],"predecessor-version":[{"id":35700,"href":"https:\/\/www.sudoestehoje.com.br\/novoportal\/wp-json\/wp\/v2\/posts\/35696\/revisions\/35700"}],"wp:attachment":[{"href":"https:\/\/www.sudoestehoje.com.br\/novoportal\/wp-json\/wp\/v2\/media?parent=35696"}],"wp:term":[{"taxonomy":"category","embeddable":true,"href":"https:\/\/www.sudoestehoje.com.br\/novoportal\/wp-json\/wp\/v2\/categories?post=35696"},{"taxonomy":"post_tag","embeddable":true,"href":"https:\/\/www.sudoestehoje.com.br\/novoportal\/wp-json\/wp\/v2\/tags?post=35696"}],"curies":[{"name":"wp","href":"https:\/\/api.w.org\/{rel}","templated":true}]}}