
{"id":35688,"date":"2014-04-02T22:03:52","date_gmt":"2014-04-03T01:03:52","guid":{"rendered":"http:\/\/www.sudoestehoje.com.br\/novoportal\/?p=35688"},"modified":"2014-04-02T22:03:52","modified_gmt":"2014-04-03T01:03:52","slug":"fjs-dia-mundial-do-autismo","status":"publish","type":"post","link":"https:\/\/www.sudoestehoje.com.br\/novoportal\/2014\/04\/02\/fjs-dia-mundial-do-autismo\/","title":{"rendered":"FJS &#8211; DIA MUNDIAL DO AUTISMO"},"content":{"rendered":"<div id=\"attachment_35690\" style=\"width: 510px\" class=\"wp-caption aligncenter\"><a href=\"http:\/\/www.sudoestehoje.com.br\/novoportal\/wp-content\/uploads\/2014\/04\/AUTISMO.jpg\"><img loading=\"lazy\" decoding=\"async\" aria-describedby=\"caption-attachment-35690\" class=\"size-medium wp-image-35690\" alt=\"DDDD\" src=\"http:\/\/www.sudoestehoje.com.br\/novoportal\/wp-content\/uploads\/2014\/04\/AUTISMO-500x318.jpg\" width=\"500\" height=\"318\" srcset=\"https:\/\/www.sudoestehoje.com.br\/novoportal\/wp-content\/uploads\/2014\/04\/AUTISMO-500x318.jpg 500w, https:\/\/www.sudoestehoje.com.br\/novoportal\/wp-content\/uploads\/2014\/04\/AUTISMO-700x445.jpg 700w, https:\/\/www.sudoestehoje.com.br\/novoportal\/wp-content\/uploads\/2014\/04\/AUTISMO.jpg 960w\" sizes=\"auto, (max-width: 500px) 100vw, 500px\" \/><\/a><p id=\"caption-attachment-35690\" class=\"wp-caption-text\">Centro Pestalozzi de Reabilita\u00e7\u00e3o realiza atividades para alertar sobre o autismo. Foto FJS<\/p><\/div>\n<p>Estima-se que uma em cada 5 crian\u00e7as sofre de autismo, segundo dados divulgados recentemente pelo Centro de Controle e Preven\u00e7\u00e3o de Doen\u00e7as dos EUA. De acordo com o Minist\u00e9rio da Sa\u00fade, o diagn\u00f3stico da doen\u00e7a no Brasil \u00e9 dif\u00edcil e tardio, seja por desinforma\u00e7\u00e3o ou porque os sintomas s\u00e3o menosprezados. Este transtorno global afeta a socializa\u00e7\u00e3o, a capacidade de comunica\u00e7\u00e3o e o comportamento do indiv\u00edduo.<\/p>\n<p>Na passagem do Dia Mundial de Conscientiza\u00e7\u00e3o do Autismo (02 de abril), decretado pela ONU, a Funda\u00e7\u00e3o Jos\u00e9 Silveira (FJS) alerta para a import\u00e2ncia do atendimento especializado e precoce. A institui\u00e7\u00e3o oferece tratamento gratuito \u00e0 comunidade na Cl\u00ednica de Estudo e Tratamento do Autismo, instalada no Centro Pestalozzi de Reabilita\u00e7\u00e3o, na Ribeira.<\/p>\n<p>Para celebrar a data, pacientes, familiares e colaboradores da institui\u00e7\u00e3o realizaram uma caminhada nas adjac\u00eancias da unidade, nesta quarta-feira (2). Em seguida, professores das redes p\u00fablica e privada assistiram a uma palestra, quando receberam\u00a0orienta\u00e7\u00f5es para que possam identificar os sintomas e apoiar estas crian\u00e7as.<\/p>\n<p>Para chamar a aten\u00e7\u00e3o da sociedade, a unidade ser\u00e1 iluminada na cor azul, que representa o autismo. \u201cO Pestalozzi \u00e9 pioneiro na Bahia na oferta de uma assist\u00eancia multidisciplinar ao paciente, que tem acesso \u00e0s terapias necess\u00e1rias em um s\u00f3 local\u201d, enfatiza a superintendente da Funda\u00e7\u00e3o, Leila Brito.<\/p>\n","protected":false},"excerpt":{"rendered":"<p>Estima-se que uma em cada 5 crian\u00e7as sofre de autismo, segundo dados divulgados recentemente pelo Centro de Controle e Preven\u00e7\u00e3o de Doen\u00e7as dos EUA. De acordo com o Minist\u00e9rio da Sa\u00fade, o diagn\u00f3stico da doen\u00e7a no Brasil \u00e9 dif\u00edcil e tardio, seja por desinforma\u00e7\u00e3o ou porque os sintomas s\u00e3o menosprezados. Este transtorno global afeta a [&hellip;]<\/p>\n","protected":false},"author":2,"featured_media":0,"comment_status":"open","ping_status":"open","sticky":false,"template":"","format":"standard","meta":{"footnotes":"","_links_to":"","_links_to_target":""},"categories":[1],"tags":[],"class_list":["post-35688","post","type-post","status-publish","format-standard","hentry","category-geral"],"views":1262,"_links":{"self":[{"href":"https:\/\/www.sudoestehoje.com.br\/novoportal\/wp-json\/wp\/v2\/posts\/35688","targetHints":{"allow":["GET"]}}],"collection":[{"href":"https:\/\/www.sudoestehoje.com.br\/novoportal\/wp-json\/wp\/v2\/posts"}],"about":[{"href":"https:\/\/www.sudoestehoje.com.br\/novoportal\/wp-json\/wp\/v2\/types\/post"}],"author":[{"embeddable":true,"href":"https:\/\/www.sudoestehoje.com.br\/novoportal\/wp-json\/wp\/v2\/users\/2"}],"replies":[{"embeddable":true,"href":"https:\/\/www.sudoestehoje.com.br\/novoportal\/wp-json\/wp\/v2\/comments?post=35688"}],"version-history":[{"count":1,"href":"https:\/\/www.sudoestehoje.com.br\/novoportal\/wp-json\/wp\/v2\/posts\/35688\/revisions"}],"predecessor-version":[{"id":35691,"href":"https:\/\/www.sudoestehoje.com.br\/novoportal\/wp-json\/wp\/v2\/posts\/35688\/revisions\/35691"}],"wp:attachment":[{"href":"https:\/\/www.sudoestehoje.com.br\/novoportal\/wp-json\/wp\/v2\/media?parent=35688"}],"wp:term":[{"taxonomy":"category","embeddable":true,"href":"https:\/\/www.sudoestehoje.com.br\/novoportal\/wp-json\/wp\/v2\/categories?post=35688"},{"taxonomy":"post_tag","embeddable":true,"href":"https:\/\/www.sudoestehoje.com.br\/novoportal\/wp-json\/wp\/v2\/tags?post=35688"}],"curies":[{"name":"wp","href":"https:\/\/api.w.org\/{rel}","templated":true}]}}