
{"id":35670,"date":"2014-04-01T23:11:42","date_gmt":"2014-04-02T02:11:42","guid":{"rendered":"http:\/\/www.sudoestehoje.com.br\/novoportal\/?p=35670"},"modified":"2014-04-01T23:11:42","modified_gmt":"2014-04-02T02:11:42","slug":"tv-sudoeste-ja-opera-com-sinal-digital-em-carater-experimental","status":"publish","type":"post","link":"https:\/\/www.sudoestehoje.com.br\/novoportal\/2014\/04\/01\/tv-sudoeste-ja-opera-com-sinal-digital-em-carater-experimental\/","title":{"rendered":"TV SUDOESTE J\u00c1 OPERA COM SINAL DIGITAL EM CAR\u00c1TER EXPERIMENTAL"},"content":{"rendered":"<p><a href=\"http:\/\/www.sudoestehoje.com.br\/novoportal\/wp-content\/uploads\/2014\/04\/tv-digital.jpg\"><img loading=\"lazy\" decoding=\"async\" class=\"aligncenter size-full wp-image-35671\" alt=\"tv digital\" src=\"http:\/\/www.sudoestehoje.com.br\/novoportal\/wp-content\/uploads\/2014\/04\/tv-digital.jpg\" width=\"339\" height=\"296\" \/><\/a><\/p>\n<p>Come\u00e7ou a funcionar desde as 18h desta ter\u00e7a-feira, em car\u00e1ter experimental, o sinal digital da TV Sudoeste, afiliada da Rede Bahia em Vit\u00f3ria da Conquista e regi\u00e3o. O canal para testes \u00e9 o 28.<\/p>\n<p>Em recente entrevista concedida ao Blog do Rodrigo Ferraz, o diretor executivo da emissora, Cauto Freitas, comentou sobre o assunto.<\/p>\n<p>\u201cTivemos altera\u00e7\u00e3o na data, mas por motivos t\u00e9cnicos, que envolve a importa\u00e7\u00e3o de equipamentos, alteramos o prazo. Os testes j\u00e1 come\u00e7aram e a expectativa \u00e9 de que no fim do m\u00eas de abril come\u00e7amos a implantar essa tecnologia de forma definitiva\u201d, explica.<\/p>\n<p>Al\u00e9m de Conquista, as cidades de Jequi\u00e9, Itapetinga, Jaguaquara, Guanambi, Brumado e Caetit\u00e9 podem usufruir do sinal.<\/p>\n","protected":false},"excerpt":{"rendered":"<p>Come\u00e7ou a funcionar desde as 18h desta ter\u00e7a-feira, em car\u00e1ter experimental, o sinal digital da TV Sudoeste, afiliada da Rede Bahia em Vit\u00f3ria da Conquista e regi\u00e3o. O canal para testes \u00e9 o 28. Em recente entrevista concedida ao Blog do Rodrigo Ferraz, o diretor executivo da emissora, Cauto Freitas, comentou sobre o assunto. \u201cTivemos [&hellip;]<\/p>\n","protected":false},"author":2,"featured_media":0,"comment_status":"open","ping_status":"open","sticky":false,"template":"","format":"standard","meta":{"footnotes":"","_links_to":"","_links_to_target":""},"categories":[1],"tags":[],"class_list":["post-35670","post","type-post","status-publish","format-standard","hentry","category-geral"],"views":1339,"_links":{"self":[{"href":"https:\/\/www.sudoestehoje.com.br\/novoportal\/wp-json\/wp\/v2\/posts\/35670","targetHints":{"allow":["GET"]}}],"collection":[{"href":"https:\/\/www.sudoestehoje.com.br\/novoportal\/wp-json\/wp\/v2\/posts"}],"about":[{"href":"https:\/\/www.sudoestehoje.com.br\/novoportal\/wp-json\/wp\/v2\/types\/post"}],"author":[{"embeddable":true,"href":"https:\/\/www.sudoestehoje.com.br\/novoportal\/wp-json\/wp\/v2\/users\/2"}],"replies":[{"embeddable":true,"href":"https:\/\/www.sudoestehoje.com.br\/novoportal\/wp-json\/wp\/v2\/comments?post=35670"}],"version-history":[{"count":1,"href":"https:\/\/www.sudoestehoje.com.br\/novoportal\/wp-json\/wp\/v2\/posts\/35670\/revisions"}],"predecessor-version":[{"id":35672,"href":"https:\/\/www.sudoestehoje.com.br\/novoportal\/wp-json\/wp\/v2\/posts\/35670\/revisions\/35672"}],"wp:attachment":[{"href":"https:\/\/www.sudoestehoje.com.br\/novoportal\/wp-json\/wp\/v2\/media?parent=35670"}],"wp:term":[{"taxonomy":"category","embeddable":true,"href":"https:\/\/www.sudoestehoje.com.br\/novoportal\/wp-json\/wp\/v2\/categories?post=35670"},{"taxonomy":"post_tag","embeddable":true,"href":"https:\/\/www.sudoestehoje.com.br\/novoportal\/wp-json\/wp\/v2\/tags?post=35670"}],"curies":[{"name":"wp","href":"https:\/\/api.w.org\/{rel}","templated":true}]}}