
{"id":35666,"date":"2014-04-01T13:41:51","date_gmt":"2014-04-01T16:41:51","guid":{"rendered":"http:\/\/www.sudoestehoje.com.br\/novoportal\/?p=35666"},"modified":"2014-04-01T13:41:51","modified_gmt":"2014-04-01T16:41:51","slug":"dem-da-escanteio-em-geddel-e-define-paulo-souto-como-candidato","status":"publish","type":"post","link":"https:\/\/www.sudoestehoje.com.br\/novoportal\/2014\/04\/01\/dem-da-escanteio-em-geddel-e-define-paulo-souto-como-candidato\/","title":{"rendered":"DEM D\u00c1 ESCANTEIO EM GEDDEL E DEFINE PAULO SOUTO COMO CANDIDATO"},"content":{"rendered":"<p><a href=\"http:\/\/www.sudoestehoje.com.br\/novoportal\/wp-content\/uploads\/2014\/04\/ACM-Neto-e-Paulo-Souto.jpg\"><img loading=\"lazy\" decoding=\"async\" class=\"aligncenter size-full wp-image-35667\" alt=\"ACM-Neto-e-Paulo-Souto\" src=\"http:\/\/www.sudoestehoje.com.br\/novoportal\/wp-content\/uploads\/2014\/04\/ACM-Neto-e-Paulo-Souto.jpg\" width=\"450\" height=\"311\" \/><\/a><\/p>\n<p>Apesar de ter tido seu conte\u00fado pouco explorado, a reuni\u00e3o que a executiva estadual do DEM realizou ontem decidiu que a candidatura do ex-governador Paulo Souto \u00e0 sucess\u00e3o estadual \u00e9 irrevers\u00edvel. Os l\u00edderes democratas avaliaram que ele merece ser o candidato, em primeiro lugar, por liderar as pesquisas.<\/p>\n<p>Tamb\u00e9m concordaram que o ex-governador sai especialmente fortalecido por pertencer ao DEM, partido do prefeito de Salvador, ACM Neto, e do de Feira de Santana, Jos\u00e9 Ronaldo, que comandam os dois maiores col\u00e9gios eleitorais do Estado e defendem a candidatura do ex-governador.<\/p>\n<p>Outra vantagem de Souto \u00e9 ter o apoio do PSDB, que j\u00e1 negociou a indica\u00e7\u00e3o do \u00a0ex-prefeito de Mata de S\u00e3o Jo\u00e3o, Jo\u00e3o Gualberto, \u00e0 sua vice. Com o nome definido, os democratas pretendem agora construir um arco de apoios a Souto atraindo mais partidos para a alian\u00e7a.<\/p>\n<p>Eles tamb\u00e9m tentar\u00e3o convencer o peemedebista Geddel Vieira Lima (PMDB) a integrar a chapa como candidato ao Senado.\u00a0Caso Geddel n\u00e3o tope \u2013 j\u00e1 correm rumores de que o peemedebista vai montar sua pr\u00f3pria chapa -, os democratas seguir\u00e3o sem ele. Ali\u00e1s, tudo indica que as oposi\u00e7\u00f5es repetir\u00e3o o que fizeram em 2o12.<\/p>\n<p>Na campanha \u00e0 Prefeitura de Salvador daquele ano, ACM Neto saiu inicialmente com o apoio do PSDB, do PV, que indicou sua vice, C\u00e9lia Sacramento, e do PTN. A eles, o PMDB s\u00f3 se juntaria no segundo turno, mesmo assim dividido, uma vez que o ex-candidato M\u00e1rio Kert\u00e9sz apoiou o ent\u00e3o candidato do PT, Nelson Pelegrino.<\/p>\n","protected":false},"excerpt":{"rendered":"<p>Apesar de ter tido seu conte\u00fado pouco explorado, a reuni\u00e3o que a executiva estadual do DEM realizou ontem decidiu que a candidatura do ex-governador Paulo Souto \u00e0 sucess\u00e3o estadual \u00e9 irrevers\u00edvel. Os l\u00edderes democratas avaliaram que ele merece ser o candidato, em primeiro lugar, por liderar as pesquisas. Tamb\u00e9m concordaram que o ex-governador sai especialmente [&hellip;]<\/p>\n","protected":false},"author":2,"featured_media":0,"comment_status":"open","ping_status":"open","sticky":false,"template":"","format":"standard","meta":{"footnotes":"","_links_to":"","_links_to_target":""},"categories":[1],"tags":[],"class_list":["post-35666","post","type-post","status-publish","format-standard","hentry","category-geral"],"views":1358,"_links":{"self":[{"href":"https:\/\/www.sudoestehoje.com.br\/novoportal\/wp-json\/wp\/v2\/posts\/35666","targetHints":{"allow":["GET"]}}],"collection":[{"href":"https:\/\/www.sudoestehoje.com.br\/novoportal\/wp-json\/wp\/v2\/posts"}],"about":[{"href":"https:\/\/www.sudoestehoje.com.br\/novoportal\/wp-json\/wp\/v2\/types\/post"}],"author":[{"embeddable":true,"href":"https:\/\/www.sudoestehoje.com.br\/novoportal\/wp-json\/wp\/v2\/users\/2"}],"replies":[{"embeddable":true,"href":"https:\/\/www.sudoestehoje.com.br\/novoportal\/wp-json\/wp\/v2\/comments?post=35666"}],"version-history":[{"count":2,"href":"https:\/\/www.sudoestehoje.com.br\/novoportal\/wp-json\/wp\/v2\/posts\/35666\/revisions"}],"predecessor-version":[{"id":35669,"href":"https:\/\/www.sudoestehoje.com.br\/novoportal\/wp-json\/wp\/v2\/posts\/35666\/revisions\/35669"}],"wp:attachment":[{"href":"https:\/\/www.sudoestehoje.com.br\/novoportal\/wp-json\/wp\/v2\/media?parent=35666"}],"wp:term":[{"taxonomy":"category","embeddable":true,"href":"https:\/\/www.sudoestehoje.com.br\/novoportal\/wp-json\/wp\/v2\/categories?post=35666"},{"taxonomy":"post_tag","embeddable":true,"href":"https:\/\/www.sudoestehoje.com.br\/novoportal\/wp-json\/wp\/v2\/tags?post=35666"}],"curies":[{"name":"wp","href":"https:\/\/api.w.org\/{rel}","templated":true}]}}