
{"id":35663,"date":"2014-04-01T11:53:24","date_gmt":"2014-04-01T14:53:24","guid":{"rendered":"http:\/\/www.sudoestehoje.com.br\/novoportal\/?p=35663"},"modified":"2014-04-01T11:53:24","modified_gmt":"2014-04-01T14:53:24","slug":"trote-violento-no-if-baiano-volta-a-acontecer-em-itapetinga","status":"publish","type":"post","link":"https:\/\/www.sudoestehoje.com.br\/novoportal\/2014\/04\/01\/trote-violento-no-if-baiano-volta-a-acontecer-em-itapetinga\/","title":{"rendered":"TROTE VIOLENTO NO IF-BAIANO VOLTA A ACONTECER EM ITAPETINGA"},"content":{"rendered":"<div id=\"attachment_35664\" style=\"width: 510px\" class=\"wp-caption aligncenter\"><a href=\"http:\/\/www.sudoestehoje.com.br\/novoportal\/wp-content\/uploads\/2014\/04\/IF.jpg\"><img loading=\"lazy\" decoding=\"async\" aria-describedby=\"caption-attachment-35664\" class=\"size-medium wp-image-35664\" alt=\"Alunos reivindicam melhorias para a escola, mas exageram nos trotes.\" src=\"http:\/\/www.sudoestehoje.com.br\/novoportal\/wp-content\/uploads\/2014\/04\/IF-500x375.jpg\" width=\"500\" height=\"375\" srcset=\"https:\/\/www.sudoestehoje.com.br\/novoportal\/wp-content\/uploads\/2014\/04\/IF-500x375.jpg 500w, https:\/\/www.sudoestehoje.com.br\/novoportal\/wp-content\/uploads\/2014\/04\/IF-700x525.jpg 700w, https:\/\/www.sudoestehoje.com.br\/novoportal\/wp-content\/uploads\/2014\/04\/IF.jpg 768w\" sizes=\"auto, (max-width: 500px) 100vw, 500px\" \/><\/a><p id=\"caption-attachment-35664\" class=\"wp-caption-text\">Alunos do IF-Baiano reivindicam melhorias para a escola, mas exageram nos trotes.<\/p><\/div>\n<p>O combatido trote voltou a fazer v\u00edtima no IFBaiano de Itapetinga. Desta vez, um estudante de 13 anos foi agredido com socos e tapas no segundo dia de aula, no dia 26 de mar\u00e7o, no interior da escola.\u00a0O caso veio \u00e0 tona depois que a m\u00e3e do garoto registrou queixa no Complexo Policial e solicitou exame de corpo de delito no filho, que apresentava les\u00f5es no pesco\u00e7o e costas.<\/p>\n<p>O garoto contou \u00e0 pol\u00edcia de que pelo menos doze estudantes o agrediram. Investigadores da Pol\u00edcia Civil identificar\u00e3o e intimar\u00e3o os agressores.\u00a0<a href=\"http:\/\/www.blogdodigadiga.com.br\/v1\/2013\/05\/06\/itapetinga-aluno-sofre-trote-no-if-baiano-e-vai-parar-no-hospital-com-queimaduras-de-2o-grau\/\" target=\"_blank\">No ano passado, mais precisamente no dia 06 de maio, um estudante de 15 anos por pouco n\u00e3o morreu ap\u00f3s sofrer uma rea\u00e7\u00e3o al\u00e9rgica. Alunos jogaram nele uma mistura de creolina, \u00e1gua, desodorante e alho. O garoto teve queimaduras de segundo grau no pesco\u00e7o e tamb\u00e9m edema de glote.<\/a><\/p>\n<p>O IFBaiano ainda n\u00e3o emitiu nota a respeito do trote violento deste ano. Informa\u00e7\u00f5es do Itapetinga na M\u00eddia.<\/p>\n","protected":false},"excerpt":{"rendered":"<p>O combatido trote voltou a fazer v\u00edtima no IFBaiano de Itapetinga. Desta vez, um estudante de 13 anos foi agredido com socos e tapas no segundo dia de aula, no dia 26 de mar\u00e7o, no interior da escola.\u00a0O caso veio \u00e0 tona depois que a m\u00e3e do garoto registrou queixa no Complexo Policial e solicitou [&hellip;]<\/p>\n","protected":false},"author":2,"featured_media":0,"comment_status":"open","ping_status":"open","sticky":false,"template":"","format":"standard","meta":{"footnotes":"","_links_to":"","_links_to_target":""},"categories":[1],"tags":[],"class_list":["post-35663","post","type-post","status-publish","format-standard","hentry","category-geral"],"views":3469,"_links":{"self":[{"href":"https:\/\/www.sudoestehoje.com.br\/novoportal\/wp-json\/wp\/v2\/posts\/35663","targetHints":{"allow":["GET"]}}],"collection":[{"href":"https:\/\/www.sudoestehoje.com.br\/novoportal\/wp-json\/wp\/v2\/posts"}],"about":[{"href":"https:\/\/www.sudoestehoje.com.br\/novoportal\/wp-json\/wp\/v2\/types\/post"}],"author":[{"embeddable":true,"href":"https:\/\/www.sudoestehoje.com.br\/novoportal\/wp-json\/wp\/v2\/users\/2"}],"replies":[{"embeddable":true,"href":"https:\/\/www.sudoestehoje.com.br\/novoportal\/wp-json\/wp\/v2\/comments?post=35663"}],"version-history":[{"count":1,"href":"https:\/\/www.sudoestehoje.com.br\/novoportal\/wp-json\/wp\/v2\/posts\/35663\/revisions"}],"predecessor-version":[{"id":35665,"href":"https:\/\/www.sudoestehoje.com.br\/novoportal\/wp-json\/wp\/v2\/posts\/35663\/revisions\/35665"}],"wp:attachment":[{"href":"https:\/\/www.sudoestehoje.com.br\/novoportal\/wp-json\/wp\/v2\/media?parent=35663"}],"wp:term":[{"taxonomy":"category","embeddable":true,"href":"https:\/\/www.sudoestehoje.com.br\/novoportal\/wp-json\/wp\/v2\/categories?post=35663"},{"taxonomy":"post_tag","embeddable":true,"href":"https:\/\/www.sudoestehoje.com.br\/novoportal\/wp-json\/wp\/v2\/tags?post=35663"}],"curies":[{"name":"wp","href":"https:\/\/api.w.org\/{rel}","templated":true}]}}