
{"id":35639,"date":"2014-03-31T23:39:53","date_gmt":"2014-04-01T02:39:53","guid":{"rendered":"http:\/\/www.sudoestehoje.com.br\/novoportal\/?p=35639"},"modified":"2014-03-31T23:43:08","modified_gmt":"2014-04-01T02:43:08","slug":"wagner-compara-seu-uisque-com-a-obra-da-ponte-ilheus-pontal","status":"publish","type":"post","link":"https:\/\/www.sudoestehoje.com.br\/novoportal\/2014\/03\/31\/wagner-compara-seu-uisque-com-a-obra-da-ponte-ilheus-pontal\/","title":{"rendered":"WAGNER COMPARA SEU U\u00cdSQUE COM A OBRA DA PONTE ILH\u00c9US\u2013PONTAL"},"content":{"rendered":"<p style=\"text-align: center;\"><a href=\"http:\/\/www.sudoestehoje.com.br\/novoportal\/wp-content\/uploads\/2014\/03\/wagner-careta-3.jpg\"><img decoding=\"async\" class=\"wp-image-35641 alignleft\" alt=\"wagner-careta-3\" src=\"http:\/\/www.sudoestehoje.com.br\/novoportal\/wp-content\/uploads\/2014\/03\/wagner-careta-3.jpg\" width=\"300\" \/><\/a><\/p>\n<p>O Governador da Bahia na manh\u00e3 da \u00faltima sexta-feira (28) fez um coment\u00e1rio comparando um velho u\u00edsque 18 anos com a poss\u00edvel futura Ponte Ilh\u00e9us \u2013 Pontal.<\/p>\n<p>Jaques Wagner, bom apreciador das grandes marcas, disse que o projeto de infraestrutura mais aguardado pelos ilheenses nos \u00faltimos anos, a Ponte, ser\u00e1 conclu\u00edda da mesma forma que se prepara um bom u\u00edsque, ou seja, quanto mais demorada for a obra, mais qualidade ela ter\u00e1.<\/p>\n<p>\u201cPodemos ter como exemplo o nosso Metr\u00f4 de Salvador, uma obra brilhante, que h\u00e1 anos vem sendo trabalhada cuidadosamente para que nada saia errado e tudo na mais perfeita ordem.\u201d Contou o \u201cGalego\u201d, como \u00e9 carinhosamente chamado pela classe de professores e policiais militares do estado.<\/p>\n<p>O Governo Estadual ainda tem trabalhado em mais obras de grande import\u00e2ncia, como a Ponte Salvador \u2013 Itaparica, que ainda se encontra em fase de promessas. Na mesma situa\u00e7\u00e3o est\u00e1 o Complexo Intermodal Porto Sul, e a Ferrovia Oeste \u2013 Leste, que seguem o padr\u00e3o de qualidade do &#8216;bom u\u00edsque&#8217;. B1<\/p>\n","protected":false},"excerpt":{"rendered":"<p>O Governador da Bahia na manh\u00e3 da \u00faltima sexta-feira (28) fez um coment\u00e1rio comparando um velho u\u00edsque 18 anos com a poss\u00edvel futura Ponte Ilh\u00e9us \u2013 Pontal. Jaques Wagner, bom apreciador das grandes marcas, disse que o projeto de infraestrutura mais aguardado pelos ilheenses nos \u00faltimos anos, a Ponte, ser\u00e1 conclu\u00edda da mesma forma que [&hellip;]<\/p>\n","protected":false},"author":2,"featured_media":0,"comment_status":"open","ping_status":"open","sticky":false,"template":"","format":"standard","meta":{"footnotes":"","_links_to":"","_links_to_target":""},"categories":[1],"tags":[],"class_list":["post-35639","post","type-post","status-publish","format-standard","hentry","category-geral"],"views":1373,"_links":{"self":[{"href":"https:\/\/www.sudoestehoje.com.br\/novoportal\/wp-json\/wp\/v2\/posts\/35639","targetHints":{"allow":["GET"]}}],"collection":[{"href":"https:\/\/www.sudoestehoje.com.br\/novoportal\/wp-json\/wp\/v2\/posts"}],"about":[{"href":"https:\/\/www.sudoestehoje.com.br\/novoportal\/wp-json\/wp\/v2\/types\/post"}],"author":[{"embeddable":true,"href":"https:\/\/www.sudoestehoje.com.br\/novoportal\/wp-json\/wp\/v2\/users\/2"}],"replies":[{"embeddable":true,"href":"https:\/\/www.sudoestehoje.com.br\/novoportal\/wp-json\/wp\/v2\/comments?post=35639"}],"version-history":[{"count":3,"href":"https:\/\/www.sudoestehoje.com.br\/novoportal\/wp-json\/wp\/v2\/posts\/35639\/revisions"}],"predecessor-version":[{"id":35643,"href":"https:\/\/www.sudoestehoje.com.br\/novoportal\/wp-json\/wp\/v2\/posts\/35639\/revisions\/35643"}],"wp:attachment":[{"href":"https:\/\/www.sudoestehoje.com.br\/novoportal\/wp-json\/wp\/v2\/media?parent=35639"}],"wp:term":[{"taxonomy":"category","embeddable":true,"href":"https:\/\/www.sudoestehoje.com.br\/novoportal\/wp-json\/wp\/v2\/categories?post=35639"},{"taxonomy":"post_tag","embeddable":true,"href":"https:\/\/www.sudoestehoje.com.br\/novoportal\/wp-json\/wp\/v2\/tags?post=35639"}],"curies":[{"name":"wp","href":"https:\/\/api.w.org\/{rel}","templated":true}]}}