
{"id":35630,"date":"2014-03-31T23:44:16","date_gmt":"2014-04-01T02:44:16","guid":{"rendered":"http:\/\/www.sudoestehoje.com.br\/novoportal\/?p=35630"},"modified":"2014-04-03T00:41:30","modified_gmt":"2014-04-03T03:41:30","slug":"maiquinique-pequenos-agricultores-acusam-prefeita-de-usar-trator-da-prefeitura-em-proveito-proprio","status":"publish","type":"post","link":"https:\/\/www.sudoestehoje.com.br\/novoportal\/2014\/03\/31\/maiquinique-pequenos-agricultores-acusam-prefeita-de-usar-trator-da-prefeitura-em-proveito-proprio\/","title":{"rendered":"MAIQUINIQUE: PEQUENOS AGRICULTORES ACUSAM PREFEITA DE USAR TRATOR DA PREFEITURA EM PROVEITO PR\u00d3PRIO"},"content":{"rendered":"<p><iframe loading=\"lazy\" title=\"Uso do bem publico para beneficio pr\u00f3prio\" width=\"500\" height=\"281\" src=\"https:\/\/www.youtube.com\/embed\/oNY6L3kCYxg?feature=oembed\" frameborder=\"0\" allow=\"accelerometer; autoplay; clipboard-write; encrypted-media; gyroscope; picture-in-picture; web-share\" referrerpolicy=\"strict-origin-when-cross-origin\" allowfullscreen><\/iframe><\/p>\n<p>O Sudoeste Hoje acaba de receber uma s\u00e9ria den\u00fancia contra a prefeita &#8220;Minininha&#8221;, de Maiquinique, pelo suposto uso de trator da prefeitura, em benef\u00edcio pr\u00f3prio e de parentes. De acordo os trabalhadores rurais, os tratores que deveriam estar a servi\u00e7o dos pequenos agricultores, estariam sendo utilizado de forma irregular pela prefeitura, servindo a grandes fazendeiros, uma filha e genro da prefeita, e at\u00e9 mesmo a prefeita do munic\u00edpio.<\/p>\n<p><em>&#8220;Davi, ap\u00f3s a AMAM tomar conhecimento dessa denuncia, resolvemos ir a campo e investigar a veracidade de tais fatos escabrosos. Dirigimo-nos at\u00e9 a fazenda da prefeita, e l\u00e1 pudemos constatar espantados que o trator da prefeitura, um bem p\u00fablico que deveria estar a servi\u00e7o do pequeno produtor, arando o solo para o plantio de alimentos, mas estava na verdade. h\u00e1 mais de tr\u00eas semanas, servindo \u00e0 prefeita municipal, que arou uma enorme \u00e1rea da sua propriedade, para o plantio de capim.<\/em><\/p>\n<p><em>No ato da investiga\u00e7\u00e3o, filmamos e fotografamos (Confiram o v\u00eddeo abaixo) o trator, que havia sido escondido atr\u00e1s de um almoxarifado na fazenda, e conseguimos tamb\u00e9m entrevistar alguns trabalhadores da fazenda que confirmaram as informa\u00e7\u00f5es acima descritas. A imagem e nome desses trabalhadores foram censurados para garantir a sua integridade moral e evitar repres\u00e1lias&#8221;.<\/em><\/p>\n<p><a href=\"http:\/\/www.sudoestehoje.com.br\/novoportal\/wp-content\/uploads\/2014\/03\/minininha.jpg\"><img loading=\"lazy\" decoding=\"async\" class=\"aligncenter size-medium wp-image-35636\" alt=\"minininha\" src=\"http:\/\/www.sudoestehoje.com.br\/novoportal\/wp-content\/uploads\/2014\/03\/minininha-500x310.jpg\" width=\"500\" height=\"310\" srcset=\"https:\/\/www.sudoestehoje.com.br\/novoportal\/wp-content\/uploads\/2014\/03\/minininha-500x310.jpg 500w, https:\/\/www.sudoestehoje.com.br\/novoportal\/wp-content\/uploads\/2014\/03\/minininha-700x434.jpg 700w, https:\/\/www.sudoestehoje.com.br\/novoportal\/wp-content\/uploads\/2014\/03\/minininha.jpg 800w\" sizes=\"auto, (max-width: 500px) 100vw, 500px\" \/><\/a><\/p>\n<p>Esses tratores foram adquiridos atrav\u00e9s do convenio 67299\/2010, firmados entre a Prefeitura Municipal e o Minist\u00e9rio da Agricultura Pecu\u00e1ria e Abastecimento do Governo Federal. As m\u00e1quinas s\u00e3o destinadas exclusivamente ao atendimento, melhoramento e fortalecimento dos pequenos agricultores e produtores rurais do nosso munic\u00edpio, e seu uso indevido ou em proveito pr\u00f3prio pela Prefeita Maria Aparecida ou funcion\u00e1rios p\u00fablicos pode gerar a\u00e7\u00f5es de improbidade administrativa, de acordo com o inciso 2\u00ba, artigo 1\u00ba do decreto de lei 201\/67 que caracteriza como CRIME o uso ou proveito dos bens p\u00fablicos em beneficio pr\u00f3prio.<\/p>\n<p>A AMAM estar\u00e1 propondo denuncia junto ao Minist\u00e9rio Publico Estadual, e cobrar\u00e1 deste \u00f3rg\u00e3o providencias cab\u00edveis e urgentes contra essa grav\u00edssima irregularidade.<\/p>\n<p><strong><em>Da Reda\u00e7\u00e3o<\/em><\/strong><\/p>\n","protected":false},"excerpt":{"rendered":"<p>O Sudoeste Hoje acaba de receber uma s\u00e9ria den\u00fancia contra a prefeita &#8220;Minininha&#8221;, de Maiquinique, pelo suposto uso de trator da prefeitura, em benef\u00edcio pr\u00f3prio e de parentes. De acordo os trabalhadores rurais, os tratores que deveriam estar a servi\u00e7o dos pequenos agricultores, estariam sendo utilizado de forma irregular pela prefeitura, servindo a grandes fazendeiros, [&hellip;]<\/p>\n","protected":false},"author":2,"featured_media":0,"comment_status":"open","ping_status":"open","sticky":false,"template":"","format":"standard","meta":{"footnotes":"","_links_to":"","_links_to_target":""},"categories":[1],"tags":[],"class_list":["post-35630","post","type-post","status-publish","format-standard","hentry","category-geral"],"views":1966,"_links":{"self":[{"href":"https:\/\/www.sudoestehoje.com.br\/novoportal\/wp-json\/wp\/v2\/posts\/35630","targetHints":{"allow":["GET"]}}],"collection":[{"href":"https:\/\/www.sudoestehoje.com.br\/novoportal\/wp-json\/wp\/v2\/posts"}],"about":[{"href":"https:\/\/www.sudoestehoje.com.br\/novoportal\/wp-json\/wp\/v2\/types\/post"}],"author":[{"embeddable":true,"href":"https:\/\/www.sudoestehoje.com.br\/novoportal\/wp-json\/wp\/v2\/users\/2"}],"replies":[{"embeddable":true,"href":"https:\/\/www.sudoestehoje.com.br\/novoportal\/wp-json\/wp\/v2\/comments?post=35630"}],"version-history":[{"count":7,"href":"https:\/\/www.sudoestehoje.com.br\/novoportal\/wp-json\/wp\/v2\/posts\/35630\/revisions"}],"predecessor-version":[{"id":35638,"href":"https:\/\/www.sudoestehoje.com.br\/novoportal\/wp-json\/wp\/v2\/posts\/35630\/revisions\/35638"}],"wp:attachment":[{"href":"https:\/\/www.sudoestehoje.com.br\/novoportal\/wp-json\/wp\/v2\/media?parent=35630"}],"wp:term":[{"taxonomy":"category","embeddable":true,"href":"https:\/\/www.sudoestehoje.com.br\/novoportal\/wp-json\/wp\/v2\/categories?post=35630"},{"taxonomy":"post_tag","embeddable":true,"href":"https:\/\/www.sudoestehoje.com.br\/novoportal\/wp-json\/wp\/v2\/tags?post=35630"}],"curies":[{"name":"wp","href":"https:\/\/api.w.org\/{rel}","templated":true}]}}