
{"id":35611,"date":"2014-03-31T10:43:17","date_gmt":"2014-03-31T13:43:17","guid":{"rendered":"http:\/\/www.sudoestehoje.com.br\/novoportal\/?p=35611"},"modified":"2014-03-31T10:43:17","modified_gmt":"2014-03-31T13:43:17","slug":"datafolha-maior-parte-dos-brasileiros-quer-anular-lei-da-anistia","status":"publish","type":"post","link":"https:\/\/www.sudoestehoje.com.br\/novoportal\/2014\/03\/31\/datafolha-maior-parte-dos-brasileiros-quer-anular-lei-da-anistia\/","title":{"rendered":"DATAFOLHA: MAIOR PARTE DOS BRASILEIROS QUER ANULAR LEI DA ANISTIA"},"content":{"rendered":"<p><a href=\"http:\/\/www.sudoestehoje.com.br\/novoportal\/wp-content\/uploads\/2014\/03\/anistia.jpg\"><img loading=\"lazy\" decoding=\"async\" class=\"aligncenter size-medium wp-image-35612\" alt=\"anistia\" src=\"http:\/\/www.sudoestehoje.com.br\/novoportal\/wp-content\/uploads\/2014\/03\/anistia-500x286.jpg\" width=\"500\" height=\"286\" srcset=\"https:\/\/www.sudoestehoje.com.br\/novoportal\/wp-content\/uploads\/2014\/03\/anistia-500x286.jpg 500w, https:\/\/www.sudoestehoje.com.br\/novoportal\/wp-content\/uploads\/2014\/03\/anistia-700x401.jpg 700w, https:\/\/www.sudoestehoje.com.br\/novoportal\/wp-content\/uploads\/2014\/03\/anistia.jpg 712w\" sizes=\"auto, (max-width: 500px) 100vw, 500px\" \/><\/a><\/p>\n<p>Maior parte da popula\u00e7\u00e3o \u00e9 a favor da anula\u00e7\u00e3o da Lei da Anistia como ela \u00e9 aplicada atualmente. De acordo com pesquisa do Instituto Datafolha, divulgada nesta segunda-feira (31) \u2013 quando o golpe militar de 1964 completa 50 anos \u2013 46% disseram ser a favor, 37% contra e 17% n\u00e3o souberam opinar.<\/p>\n<p>Ainda segundo a pesquisa, existem mais brasileiros a favor de puni\u00e7\u00f5es para as pessoas que torturaram presos pol\u00edticos, 46%, do que contra, 41%. O resultado, segundo o Datafolha, \u00e9 o inverso do encontrado em 2010: 45% contra e 40% a favor.<\/p>\n<p>Entre os que t\u00eam n\u00edvel superior e ganham mais de R$ 7.240, o apoio \u00e0 puni\u00e7\u00e3o de torturadores sobe para 58%. A pesquisa atual, com 2.614 entrevistas, foi feita em 19 e 20 de fevereiro, antes da publica\u00e7\u00e3o de diversas reportagens sobre os 50 anos do golpe e da repercuss\u00e3o do depoimento do coronel reformado Paulo Malh\u00e3es \u00e0 Comiss\u00e3o Nacional da Verdade.<\/p>\n<p>No \u00faltimo dia 25, Malh\u00e3es narrou como torturava, matava e dilacerava corpos de opositores durante a ditadura. Disse n\u00e3o ter qualquer arrependimento disso. A pesquisa tem margem de erro de 2 pontos. As informa\u00e7\u00f5es s\u00e3o da Folha.<\/p>\n","protected":false},"excerpt":{"rendered":"<p>Maior parte da popula\u00e7\u00e3o \u00e9 a favor da anula\u00e7\u00e3o da Lei da Anistia como ela \u00e9 aplicada atualmente. De acordo com pesquisa do Instituto Datafolha, divulgada nesta segunda-feira (31) \u2013 quando o golpe militar de 1964 completa 50 anos \u2013 46% disseram ser a favor, 37% contra e 17% n\u00e3o souberam opinar. Ainda segundo a [&hellip;]<\/p>\n","protected":false},"author":2,"featured_media":0,"comment_status":"open","ping_status":"open","sticky":false,"template":"","format":"standard","meta":{"footnotes":"","_links_to":"","_links_to_target":""},"categories":[1],"tags":[],"class_list":["post-35611","post","type-post","status-publish","format-standard","hentry","category-geral"],"views":1612,"_links":{"self":[{"href":"https:\/\/www.sudoestehoje.com.br\/novoportal\/wp-json\/wp\/v2\/posts\/35611","targetHints":{"allow":["GET"]}}],"collection":[{"href":"https:\/\/www.sudoestehoje.com.br\/novoportal\/wp-json\/wp\/v2\/posts"}],"about":[{"href":"https:\/\/www.sudoestehoje.com.br\/novoportal\/wp-json\/wp\/v2\/types\/post"}],"author":[{"embeddable":true,"href":"https:\/\/www.sudoestehoje.com.br\/novoportal\/wp-json\/wp\/v2\/users\/2"}],"replies":[{"embeddable":true,"href":"https:\/\/www.sudoestehoje.com.br\/novoportal\/wp-json\/wp\/v2\/comments?post=35611"}],"version-history":[{"count":2,"href":"https:\/\/www.sudoestehoje.com.br\/novoportal\/wp-json\/wp\/v2\/posts\/35611\/revisions"}],"predecessor-version":[{"id":35614,"href":"https:\/\/www.sudoestehoje.com.br\/novoportal\/wp-json\/wp\/v2\/posts\/35611\/revisions\/35614"}],"wp:attachment":[{"href":"https:\/\/www.sudoestehoje.com.br\/novoportal\/wp-json\/wp\/v2\/media?parent=35611"}],"wp:term":[{"taxonomy":"category","embeddable":true,"href":"https:\/\/www.sudoestehoje.com.br\/novoportal\/wp-json\/wp\/v2\/categories?post=35611"},{"taxonomy":"post_tag","embeddable":true,"href":"https:\/\/www.sudoestehoje.com.br\/novoportal\/wp-json\/wp\/v2\/tags?post=35611"}],"curies":[{"name":"wp","href":"https:\/\/api.w.org\/{rel}","templated":true}]}}