
{"id":35608,"date":"2014-03-31T12:00:35","date_gmt":"2014-03-31T15:00:35","guid":{"rendered":"http:\/\/www.sudoestehoje.com.br\/novoportal\/?p=35608"},"modified":"2014-03-31T12:15:19","modified_gmt":"2014-03-31T15:15:19","slug":"itapetinga-menor-e-vitima-de-estupro-em-escola-da-rede-municipal","status":"publish","type":"post","link":"https:\/\/www.sudoestehoje.com.br\/novoportal\/2014\/03\/31\/itapetinga-menor-e-vitima-de-estupro-em-escola-da-rede-municipal\/","title":{"rendered":"ITAPETINGA: MENOR \u00c9 V\u00cdTIMA DE ESTUPRO EM ESCOLA DA REDE MUNICIPAL"},"content":{"rendered":"<div id=\"attachment_35609\" style=\"width: 460px\" class=\"wp-caption aligncenter\"><a href=\"http:\/\/www.sudoestehoje.com.br\/novoportal\/wp-content\/uploads\/2014\/03\/escola.jpg\"><img decoding=\"async\" aria-describedby=\"caption-attachment-35609\" class=\" wp-image-35609 \" alt=\"Escola Maria Am\u00e9lia vem sendo penalizada pela falta de gest\u00e3o da Secretaria de Educa\u00e7\u00e3o do Munic\u00edpio.\" src=\"http:\/\/www.sudoestehoje.com.br\/novoportal\/wp-content\/uploads\/2014\/03\/escola.jpg\" width=\"450\" \/><\/a><p id=\"caption-attachment-35609\" class=\"wp-caption-text\">Alunos da Escola Maria Am\u00e9lia v\u00eam sendo penalizados pela falta de gest\u00e3o \u00a0e descaso da Secretaria de Educa\u00e7\u00e3o do Munic\u00edpio.<\/p><\/div>\n<p>A Pol\u00edcia Civil de Itapetinga investiga uma den\u00fancia \u00a0de estupro contra uma crian\u00e7a de 11 anos. O fato teria acontecido na \u00faltima quinta-feira, no hor\u00e1rio da aula de educa\u00e7\u00e3o f\u00edsica, na Escola Municipal Maria Am\u00e9lia, localizada o bairro Nova Itapetinga.<\/p>\n<p>De acordo com a m\u00e3e da v\u00edtima, o crime foi praticado \u00a0\u00a0por dois adolescentes e informa\u00e7\u00f5es sobre eles j\u00e1 foram disponibilizadas \u00a0pra pol\u00edcia. O estupro foi praticado, inclusive com conjun\u00e7\u00e3o carnal, (penetra\u00e7\u00e3o).\u00a0 A pol\u00edcia investiga o caso.<\/p>\n<p>A Escola Maria Am\u00e9lia vem sendo objeto de v\u00e1rias den\u00fancias, incluindo o seu estado de abandono e depreda\u00e7\u00e3o, falta de carteiras escolares e merenda escolar de baixa qualidade, quando tem. Com informa\u00e7\u00f5es do Itapetinga Reporter.<\/p>\n","protected":false},"excerpt":{"rendered":"<p>A Pol\u00edcia Civil de Itapetinga investiga uma den\u00fancia \u00a0de estupro contra uma crian\u00e7a de 11 anos. O fato teria acontecido na \u00faltima quinta-feira, no hor\u00e1rio da aula de educa\u00e7\u00e3o f\u00edsica, na Escola Municipal Maria Am\u00e9lia, localizada o bairro Nova Itapetinga. De acordo com a m\u00e3e da v\u00edtima, o crime foi praticado \u00a0\u00a0por dois adolescentes e [&hellip;]<\/p>\n","protected":false},"author":2,"featured_media":0,"comment_status":"open","ping_status":"open","sticky":false,"template":"","format":"standard","meta":{"footnotes":"","_links_to":"","_links_to_target":""},"categories":[1],"tags":[],"class_list":["post-35608","post","type-post","status-publish","format-standard","hentry","category-geral"],"views":2430,"_links":{"self":[{"href":"https:\/\/www.sudoestehoje.com.br\/novoportal\/wp-json\/wp\/v2\/posts\/35608","targetHints":{"allow":["GET"]}}],"collection":[{"href":"https:\/\/www.sudoestehoje.com.br\/novoportal\/wp-json\/wp\/v2\/posts"}],"about":[{"href":"https:\/\/www.sudoestehoje.com.br\/novoportal\/wp-json\/wp\/v2\/types\/post"}],"author":[{"embeddable":true,"href":"https:\/\/www.sudoestehoje.com.br\/novoportal\/wp-json\/wp\/v2\/users\/2"}],"replies":[{"embeddable":true,"href":"https:\/\/www.sudoestehoje.com.br\/novoportal\/wp-json\/wp\/v2\/comments?post=35608"}],"version-history":[{"count":1,"href":"https:\/\/www.sudoestehoje.com.br\/novoportal\/wp-json\/wp\/v2\/posts\/35608\/revisions"}],"predecessor-version":[{"id":35610,"href":"https:\/\/www.sudoestehoje.com.br\/novoportal\/wp-json\/wp\/v2\/posts\/35608\/revisions\/35610"}],"wp:attachment":[{"href":"https:\/\/www.sudoestehoje.com.br\/novoportal\/wp-json\/wp\/v2\/media?parent=35608"}],"wp:term":[{"taxonomy":"category","embeddable":true,"href":"https:\/\/www.sudoestehoje.com.br\/novoportal\/wp-json\/wp\/v2\/categories?post=35608"},{"taxonomy":"post_tag","embeddable":true,"href":"https:\/\/www.sudoestehoje.com.br\/novoportal\/wp-json\/wp\/v2\/tags?post=35608"}],"curies":[{"name":"wp","href":"https:\/\/api.w.org\/{rel}","templated":true}]}}