
{"id":35593,"date":"2014-03-30T20:32:19","date_gmt":"2014-03-30T23:32:19","guid":{"rendered":"http:\/\/www.sudoestehoje.com.br\/novoportal\/?p=35593"},"modified":"2014-03-30T20:32:19","modified_gmt":"2014-03-30T23:32:19","slug":"festsol-2014-tera-banda-calypso-leo-magalhaes-e-luiz-caldas","status":"publish","type":"post","link":"https:\/\/www.sudoestehoje.com.br\/novoportal\/2014\/03\/30\/festsol-2014-tera-banda-calypso-leo-magalhaes-e-luiz-caldas\/","title":{"rendered":"FESTSOL 2014 TER\u00c1 BANDA CALYPSO, L\u00c9O MAGALH\u00c3ES E LUIZ CALDAS"},"content":{"rendered":"<div id=\"attachment_35594\" style=\"width: 510px\" class=\"wp-caption aligncenter\"><img decoding=\"async\" aria-describedby=\"caption-attachment-35594\" class=\" wp-image-35594 \" alt=\"ATRA\u00c7\u00d5ES CONFIRMADAS PELO PREFEITO MARCO BRITO PARA O FESTSOL 2014\" src=\"http:\/\/www.sudoestehoje.com.br\/novoportal\/wp-content\/uploads\/2014\/03\/leo-calpso-e-luiz2.jpg\" width=\"500\" \/><\/a><p id=\"caption-attachment-35594\" class=\"wp-caption-text\">GRADE DE ATRA\u00c7\u00d5ES DO FESTSOL 2014 FOI CONFIRMADA PELO PREFEITO MARCO BRITO\u00a0<\/p><\/div>\n<p>ITOROR\u00d3: O prefeito Marco Brito anunciou neste s\u00e1bado (29), tr\u00eas atra\u00e7\u00f5es para o FESTSOL 2014. Foram confirmadas as apresenta\u00e7\u00f5es da Banda Calypso, do cantor L\u00e9o Magalh\u00e3es e do excelente Luiz Caldas, o &#8220;Rei do Ax\u00e9 Music&#8221;.<\/p>\n<p>No an\u00fancio, o prefeito Marco Brito disse ainda que a grade do S\u00e3o Jo\u00e3o ser\u00e1 complementada com outras bandas do norte e\u00a0 nordeste, al\u00e9m da contrata\u00e7\u00e3o de cantores e bandas regionais.<\/p>\n<p>Segundo informa\u00e7\u00f5es dos organizadores do FESTSOL, a inten\u00e7\u00e3o do prefeito Marco Brito \u00e9 recuperar o prest\u00edgio da tradicional Festa da Carne de Sol, que decaiu durante os quatro anos da administra\u00e7\u00e3o do seu antecessor. Informa\u00e7\u00f5es do<em> Itoror\u00f3 Hoje\u00a0<\/em><\/p>\n","protected":false},"excerpt":{"rendered":"<p>ITOROR\u00d3: O prefeito Marco Brito anunciou neste s\u00e1bado (29), tr\u00eas atra\u00e7\u00f5es para o FESTSOL 2014. Foram confirmadas as apresenta\u00e7\u00f5es da Banda Calypso, do cantor L\u00e9o Magalh\u00e3es e do excelente Luiz Caldas, o &#8220;Rei do Ax\u00e9 Music&#8221;. No an\u00fancio, o prefeito Marco Brito disse ainda que a grade do S\u00e3o Jo\u00e3o ser\u00e1 complementada com outras bandas [&hellip;]<\/p>\n","protected":false},"author":2,"featured_media":0,"comment_status":"open","ping_status":"open","sticky":false,"template":"","format":"standard","meta":{"footnotes":"","_links_to":"","_links_to_target":""},"categories":[1],"tags":[],"class_list":["post-35593","post","type-post","status-publish","format-standard","hentry","category-geral"],"views":3332,"_links":{"self":[{"href":"https:\/\/www.sudoestehoje.com.br\/novoportal\/wp-json\/wp\/v2\/posts\/35593","targetHints":{"allow":["GET"]}}],"collection":[{"href":"https:\/\/www.sudoestehoje.com.br\/novoportal\/wp-json\/wp\/v2\/posts"}],"about":[{"href":"https:\/\/www.sudoestehoje.com.br\/novoportal\/wp-json\/wp\/v2\/types\/post"}],"author":[{"embeddable":true,"href":"https:\/\/www.sudoestehoje.com.br\/novoportal\/wp-json\/wp\/v2\/users\/2"}],"replies":[{"embeddable":true,"href":"https:\/\/www.sudoestehoje.com.br\/novoportal\/wp-json\/wp\/v2\/comments?post=35593"}],"version-history":[{"count":6,"href":"https:\/\/www.sudoestehoje.com.br\/novoportal\/wp-json\/wp\/v2\/posts\/35593\/revisions"}],"predecessor-version":[{"id":35600,"href":"https:\/\/www.sudoestehoje.com.br\/novoportal\/wp-json\/wp\/v2\/posts\/35593\/revisions\/35600"}],"wp:attachment":[{"href":"https:\/\/www.sudoestehoje.com.br\/novoportal\/wp-json\/wp\/v2\/media?parent=35593"}],"wp:term":[{"taxonomy":"category","embeddable":true,"href":"https:\/\/www.sudoestehoje.com.br\/novoportal\/wp-json\/wp\/v2\/categories?post=35593"},{"taxonomy":"post_tag","embeddable":true,"href":"https:\/\/www.sudoestehoje.com.br\/novoportal\/wp-json\/wp\/v2\/tags?post=35593"}],"curies":[{"name":"wp","href":"https:\/\/api.w.org\/{rel}","templated":true}]}}